{"id":2200,"count":140,"description":"","link":"https:\/\/migracao.redenoticia.com.br\/noticia\/category\/televisao\/sbt\/coracao-indomavel","name":"Cora\u00e7\u00e3o Indom\u00e1vel","slug":"coracao-indomavel","taxonomy":"category","parent":372,"meta":[],"_links":{"self":[{"href":"https:\/\/migracao.redenoticia.com.br\/noticia\/wp-json\/wp\/v2\/categories\/2200","targetHints":{"allow":["GET"]}}],"collection":[{"href":"https:\/\/migracao.redenoticia.com.br\/noticia\/wp-json\/wp\/v2\/categories"}],"about":[{"href":"https:\/\/migracao.redenoticia.com.br\/noticia\/wp-json\/wp\/v2\/taxonomies\/category"}],"up":[{"embeddable":true,"href":"https:\/\/migracao.redenoticia.com.br\/noticia\/wp-json\/wp\/v2\/categories\/372"}],"wp:post_type":[{"href":"https:\/\/migracao.redenoticia.com.br\/noticia\/wp-json\/wp\/v2\/posts?categories=2200"}],"curies":[{"name":"wp","href":"https:\/\/api.w.org\/{rel}","templated":true}]}}