{"id":530,"count":227,"description":"Resumos e not\u00edcias da novela O S\u00e9timo Guardi\u00e3o","link":"https:\/\/migracao.redenoticia.com.br\/noticia\/category\/televisao\/novelas\/o-setimo-guardiao","name":"O S\u00e9timo Guardi\u00e3o","slug":"o-setimo-guardiao","taxonomy":"category","parent":379,"meta":[],"_links":{"self":[{"href":"https:\/\/migracao.redenoticia.com.br\/noticia\/wp-json\/wp\/v2\/categories\/530","targetHints":{"allow":["GET"]}}],"collection":[{"href":"https:\/\/migracao.redenoticia.com.br\/noticia\/wp-json\/wp\/v2\/categories"}],"about":[{"href":"https:\/\/migracao.redenoticia.com.br\/noticia\/wp-json\/wp\/v2\/taxonomies\/category"}],"up":[{"embeddable":true,"href":"https:\/\/migracao.redenoticia.com.br\/noticia\/wp-json\/wp\/v2\/categories\/379"}],"wp:post_type":[{"href":"https:\/\/migracao.redenoticia.com.br\/noticia\/wp-json\/wp\/v2\/posts?categories=530"}],"curies":[{"name":"wp","href":"https:\/\/api.w.org\/{rel}","templated":true}]}}