{"id":540,"count":174,"description":"Resumos e not\u00edcias da novela \u00d3rf\u00e3os da Terra","link":"https:\/\/migracao.redenoticia.com.br\/noticia\/category\/televisao\/novelas\/orfaos-da-terra","name":"\u00d3rf\u00e3os da Terra","slug":"orfaos-da-terra","taxonomy":"category","parent":379,"meta":[],"_links":{"self":[{"href":"https:\/\/migracao.redenoticia.com.br\/noticia\/wp-json\/wp\/v2\/categories\/540","targetHints":{"allow":["GET"]}}],"collection":[{"href":"https:\/\/migracao.redenoticia.com.br\/noticia\/wp-json\/wp\/v2\/categories"}],"about":[{"href":"https:\/\/migracao.redenoticia.com.br\/noticia\/wp-json\/wp\/v2\/taxonomies\/category"}],"up":[{"embeddable":true,"href":"https:\/\/migracao.redenoticia.com.br\/noticia\/wp-json\/wp\/v2\/categories\/379"}],"wp:post_type":[{"href":"https:\/\/migracao.redenoticia.com.br\/noticia\/wp-json\/wp\/v2\/posts?categories=540"}],"curies":[{"name":"wp","href":"https:\/\/api.w.org\/{rel}","templated":true}]}}