{"id":100106,"date":"2016-11-19T21:19:07","date_gmt":"2016-11-19T23:19:07","guid":{"rendered":"http:\/\/www.redenoticia.com.br\/noticia\/?p=100106"},"modified":"2016-11-18T18:22:13","modified_gmt":"2016-11-18T20:22:13","slug":"novela-a-lei-do-amor-resumo-2111-tiao-faz-as-malas-de-helo","status":"publish","type":"post","link":"https:\/\/migracao.redenoticia.com.br\/noticia\/2016\/novela-a-lei-do-amor-resumo-2111-tiao-faz-as-malas-de-helo\/100106","title":{"rendered":"Novela \u201cA Lei do Amor\u201d resumo 21\/11: Ti\u00e3o faz as malas de Hel\u00f4"},"content":{"rendered":"<p> <img loading=\"lazy\" decoding=\"async\" class=\"alignleft size-thumbnail wp-image-94887\" src=\"https:\/\/migracao.redenoticia.com.br\/noticia\/imagens\/a_lei_do_amor_resumo_novela_globo-150x112.jpg\" alt=\"a_lei_do_amor_resumo_novela_globo\" width=\"150\" height=\"112\" srcset=\"https:\/\/migracao.redenoticia.com.br\/noticia\/imagens\/a_lei_do_amor_resumo_novela_globo-150x112.jpg 150w, https:\/\/migracao.redenoticia.com.br\/noticia\/imagens\/a_lei_do_amor_resumo_novela_globo-265x198.jpg 265w\" sizes=\"auto, (max-width: 150px) 100vw, 150px\" \/><strong><em>Novela \u201cA Lei do Amor\u201d resumo 21\/11<\/em><\/strong>: ap\u00f3s descobrir que Let\u00edcia \u00e9 sua filha, Pedro fica indignado com a amada e lhe d\u00e1 um fora. J\u00e1 Let\u00edcia, mal olha na cara da m\u00e3e, unindo-se ainda mais a Ti\u00e3o. Ele se diverte com o sofrimento da mulher. Hel\u00f4 o chama de monstro e este diz que devia interdita-la e manter os filhos longe da influ\u00eancia dela. Hel\u00f4 perde o controle, o chama de canalha. N\u00e3o satisfeito, Ti\u00e3o diz estar a adorar a queda dela e confessa o prazer enorme de v\u00ea-la derrotada, depois de ter se exibido com Pedro. Hel\u00f4 encerra a briga e diz que ele tem uma mente maligna e insana. Mais tarde, Hel\u00f4 chega em sua casa e \u00e9 pega de surpresa com suas malas prontas. Ti\u00e3o diz a Hel\u00f4 que n\u00e3o a quer mais em sua casa.<\/p>\n<p>No cap\u00edtulo 043(*), novela \u201cA Lei do Amor\u201d, segunda-feira, 21 de novembro \u2013 Augusto afirma a Vit\u00f3ria que cuidar\u00e1 dela. Juninho desconfia das atitudes de Aline. Yara leva Aline para trabalhar na loja de conveni\u00eancia de Salete. Ant\u00f4nio defende Hel\u00f4 quando ouve Let\u00edcia falando mal da m\u00e3e. David aconselha Ant\u00f4nio a dar uma chance para Olavo. <\/p>\n<p>Isabela comenta com Fl\u00e1via que n\u00e3o gostou da forma com que Tiago falou com ela. Luciane avisa a Salete para vigiar Aline. Aline fica sabendo por Gledson que Vit\u00f3ria foi morar com Augusto. Vit\u00f3ria n\u00e3o acredita no arrependimento de Aline e a expulsa da casa de Augusto. <\/p>\n<p>David avisa a Ti\u00e3o que viajar\u00e1 para a Espanha. Mileide alerta Augusto que ele perder\u00e1 a elei\u00e7\u00e3o se Vit\u00f3ria continuar em sua casa. Let\u00edcia procura Ant\u00f4nio para lhe pedir desculpas. Tiago exige que Isabela revele quem lhe deu dinheiro. Ti\u00e3o diz a Hel\u00f4 que n\u00e3o a quer mais em sua casa.<\/p>\n<p>(*) edi\u00e7\u00e3o da Rede Globo, Novela \u201cA Lei do Amor\u201d, sujeito a altera\u00e7\u00e3o de data e conte\u00fado.<\/p>\n","protected":false},"excerpt":{"rendered":"<p>Novela \u201cA Lei do Amor\u201d resumo 21\/11: ap\u00f3s descobrir que Let\u00edcia \u00e9 sua filha, Pedro fica indignado com a amada e lhe d\u00e1 um fora. J\u00e1 Let\u00edcia, mal olha na cara da m\u00e3e, unindo-se ainda mais a Ti\u00e3o. Ele se diverte com o sofrimento da mulher. Hel\u00f4 o chama de monstro e este diz que [&hellip;]<\/p>\n","protected":false},"author":2,"featured_media":94344,"comment_status":"open","ping_status":"closed","sticky":false,"template":"","format":"standard","meta":{"tdm_status":"","tdm_grid_status":"","footnotes":""},"categories":[379,375,343],"tags":[441],"class_list":{"0":"post-100106","1":"post","2":"type-post","3":"status-publish","4":"format-standard","5":"has-post-thumbnail","7":"category-novelas","8":"category-rede-globo","9":"category-televisao","10":"tag-resumo-do-dia"},"_links":{"self":[{"href":"https:\/\/migracao.redenoticia.com.br\/noticia\/wp-json\/wp\/v2\/posts\/100106","targetHints":{"allow":["GET"]}}],"collection":[{"href":"https:\/\/migracao.redenoticia.com.br\/noticia\/wp-json\/wp\/v2\/posts"}],"about":[{"href":"https:\/\/migracao.redenoticia.com.br\/noticia\/wp-json\/wp\/v2\/types\/post"}],"author":[{"embeddable":true,"href":"https:\/\/migracao.redenoticia.com.br\/noticia\/wp-json\/wp\/v2\/users\/2"}],"replies":[{"embeddable":true,"href":"https:\/\/migracao.redenoticia.com.br\/noticia\/wp-json\/wp\/v2\/comments?post=100106"}],"version-history":[{"count":0,"href":"https:\/\/migracao.redenoticia.com.br\/noticia\/wp-json\/wp\/v2\/posts\/100106\/revisions"}],"wp:featuredmedia":[{"embeddable":true,"href":"https:\/\/migracao.redenoticia.com.br\/noticia\/wp-json\/wp\/v2\/media\/94344"}],"wp:attachment":[{"href":"https:\/\/migracao.redenoticia.com.br\/noticia\/wp-json\/wp\/v2\/media?parent=100106"}],"wp:term":[{"taxonomy":"category","embeddable":true,"href":"https:\/\/migracao.redenoticia.com.br\/noticia\/wp-json\/wp\/v2\/categories?post=100106"},{"taxonomy":"post_tag","embeddable":true,"href":"https:\/\/migracao.redenoticia.com.br\/noticia\/wp-json\/wp\/v2\/tags?post=100106"}],"curies":[{"name":"wp","href":"https:\/\/api.w.org\/{rel}","templated":true}]}}