{"id":100238,"date":"2016-11-22T06:01:55","date_gmt":"2016-11-22T08:01:55","guid":{"rendered":"http:\/\/www.redenoticia.com.br\/noticia\/?p=100238"},"modified":"2016-11-21T18:02:29","modified_gmt":"2016-11-21T20:02:29","slug":"usp-e-santa-casa-liberam-lista-de-enderecos-para-provas-de-vestibular","status":"publish","type":"post","link":"https:\/\/migracao.redenoticia.com.br\/noticia\/2016\/usp-e-santa-casa-liberam-lista-de-enderecos-para-provas-de-vestibular\/100238","title":{"rendered":"USP e Santa Casa liberam lista de endere\u00e7os para provas de vestibular"},"content":{"rendered":"<p>J\u00e1 est\u00e1 dispon\u00edvel no da Funda\u00e7\u00e3o Universit\u00e1ria para o Vestibular (Fuvest) a lista de endere\u00e7os dos testes da primeira fase do <strong><em>vestibular<\/em><\/strong> da Universidade de S\u00e3o Paulo (USP) e na Faculdade de Ci\u00eancias M\u00e9dicas da Santa Casa de S\u00e3o Paulo. Mais de 130 mil estudantes devem fazer as provas, no pr\u00f3ximo domingo (27). O <strong><em>gabarito<\/em><\/strong> da prova ser\u00e1 divulgado por volta das 19h30 e o resultado sair\u00e1 no dia 19 de dezembro.<\/p>\n<p>As provas v\u00e3o ocorrer em 104 escolas, sendo 56 na regi\u00e3o metropolitana e 48 no interior paulista. Os port\u00f5es ser\u00e3o abertos \u00e0s 12h30min e a Fuvest, coordenadora do concurso, recomenda ao candidato ir um dia antes ao local indicado para conhecer onde far\u00e1 o exame. O candidato ter\u00e1 que calcular bem o tempo que ir\u00e1 levar para chegar ao local da prova, porque o in\u00edcio do exame ser\u00e1 \u00e0s 13h e \u201cn\u00e3o ser\u00e3o admitidos retardat\u00e1rios\u201d, alertou a funda\u00e7\u00e3o. O vestibulando s\u00f3 poder\u00e1 deixar o local a partir das 16h.<\/p>\n<p>O n\u00famero total de candidatos neste ano diminuiu em rela\u00e7\u00e3o ao vestibular do ano passado, atingindo 136.736 concorrentes ante 142.721. Eles v\u00e3o disputar 8.854 vagas e a maioria das vagas (8.734) \u00e9 de cursos da USP e 120 delas \u00e9 do curso de medicina da Santa Casa. Entre os candidatos, 12.750 s\u00e3o treineiros, que s\u00e3o aqueles que fazem o vestibular apenas como\u00a0 autoavalia\u00e7\u00e3o.<\/p>\n<p>O que o candidato deve levar<\/p>\n<p>De acordo com as regras do concurso, o vestibulando tem de apresentar um documento original de identidade com foto e deve levar caneta esferogr\u00e1fica com tinta azul ou preta. Est\u00e1 liberado o uso de borracha e de l\u00e1pis, mas, neste caso, apenas para rascunho. Ser\u00e1 permitido tamb\u00e9m o consumo de \u00e1gua e alimentos leves durante o exame.<\/p>\n<p>J\u00e1 aparelhos celulares ou qualquer outro tipo de equipamento eletr\u00f4nico ou de telecomunica\u00e7\u00e3o, nas depend\u00eancias do pr\u00e9dio, est\u00e3o proibidos, bem como o uso de rel\u00f3gios. Os concorrentes ser\u00e3o informados sobre o tempo que resta para finalizar a prova.<\/p>\n<p>Nessa primeira fase, os vestibulandos ter\u00e3o que resolver, no prazo de cinco horas, 90 quest\u00f5es do tipo teste de m\u00faltipla escolha sobre as diversas \u00e1reas do conhecimento em torno das disciplinas do n\u00facleo comum obrigat\u00f3rio do Ensino M\u00e9dio. As quest\u00f5es englobam o Portugu\u00eas, Matem\u00e1tica, F\u00edsica, Qu\u00edmica, Biologia, Hist\u00f3ria, Geografia e Ingl\u00eas.<\/p>\n<p>As provas da segunda fase est\u00e3o marcadas para os dias 8, 9 e 10 de janeiro de 2017.<\/p>\n<p>Marli Moreira \u2013 Rep\u00f3rter da Ag\u00eancia Brasil<br \/>\nEdi\u00e7\u00e3o: Maria Claudia<br \/>\n22\/11\/2016<\/p>\n","protected":false},"excerpt":{"rendered":"<p>J\u00e1 est\u00e1 dispon\u00edvel no da Funda\u00e7\u00e3o Universit\u00e1ria para o Vestibular (Fuvest) a lista de endere\u00e7os dos testes da primeira fase do vestibular da Universidade de S\u00e3o Paulo (USP) e na Faculdade de Ci\u00eancias M\u00e9dicas da Santa Casa de S\u00e3o Paulo. Mais de 130 mil estudantes devem fazer as provas, no pr\u00f3ximo domingo (27). O gabarito [&hellip;]<\/p>\n","protected":false},"author":2,"featured_media":36244,"comment_status":"open","ping_status":"closed","sticky":false,"template":"","format":"standard","meta":{"tdm_status":"","tdm_grid_status":"","footnotes":""},"categories":[22,370,295],"tags":[],"class_list":{"0":"post-100238","1":"post","2":"type-post","3":"status-publish","4":"format-standard","5":"has-post-thumbnail","7":"category-brasil","8":"category-inscricao","9":"category-vestibular"},"_links":{"self":[{"href":"https:\/\/migracao.redenoticia.com.br\/noticia\/wp-json\/wp\/v2\/posts\/100238","targetHints":{"allow":["GET"]}}],"collection":[{"href":"https:\/\/migracao.redenoticia.com.br\/noticia\/wp-json\/wp\/v2\/posts"}],"about":[{"href":"https:\/\/migracao.redenoticia.com.br\/noticia\/wp-json\/wp\/v2\/types\/post"}],"author":[{"embeddable":true,"href":"https:\/\/migracao.redenoticia.com.br\/noticia\/wp-json\/wp\/v2\/users\/2"}],"replies":[{"embeddable":true,"href":"https:\/\/migracao.redenoticia.com.br\/noticia\/wp-json\/wp\/v2\/comments?post=100238"}],"version-history":[{"count":0,"href":"https:\/\/migracao.redenoticia.com.br\/noticia\/wp-json\/wp\/v2\/posts\/100238\/revisions"}],"wp:featuredmedia":[{"embeddable":true,"href":"https:\/\/migracao.redenoticia.com.br\/noticia\/wp-json\/wp\/v2\/media\/36244"}],"wp:attachment":[{"href":"https:\/\/migracao.redenoticia.com.br\/noticia\/wp-json\/wp\/v2\/media?parent=100238"}],"wp:term":[{"taxonomy":"category","embeddable":true,"href":"https:\/\/migracao.redenoticia.com.br\/noticia\/wp-json\/wp\/v2\/categories?post=100238"},{"taxonomy":"post_tag","embeddable":true,"href":"https:\/\/migracao.redenoticia.com.br\/noticia\/wp-json\/wp\/v2\/tags?post=100238"}],"curies":[{"name":"wp","href":"https:\/\/api.w.org\/{rel}","templated":true}]}}