{"id":100267,"date":"2016-11-21T19:30:38","date_gmt":"2016-11-21T21:30:38","guid":{"rendered":"http:\/\/www.redenoticia.com.br\/noticia\/?p=100267"},"modified":"2016-11-21T20:31:49","modified_gmt":"2016-11-21T22:31:49","slug":"novela-escrava-mae-resumo-2311-dr-pacheco-diz-que-ja-tem-a-sentenca-de-miguel","status":"publish","type":"post","link":"https:\/\/migracao.redenoticia.com.br\/noticia\/2016\/novela-escrava-mae-resumo-2311-dr-pacheco-diz-que-ja-tem-a-sentenca-de-miguel\/100267","title":{"rendered":"Novela \u201cEscrava M\u00e3e\u201d resumo 23\/11: Dr. Pacheco diz que j\u00e1 tem a senten\u00e7a de Miguel"},"content":{"rendered":"<p> <img loading=\"lazy\" decoding=\"async\" class=\"alignleft size-thumbnail wp-image-87037\" src=\"https:\/\/migracao.redenoticia.com.br\/noticia\/imagens\/escrava-mae-novela-resumo-150x112.jpg\" alt=\"escrava-mae-novela-resumo\" width=\"150\" height=\"112\" srcset=\"https:\/\/migracao.redenoticia.com.br\/noticia\/imagens\/escrava-mae-novela-resumo-150x112.jpg 150w, https:\/\/migracao.redenoticia.com.br\/noticia\/imagens\/escrava-mae-novela-resumo-265x198.jpg 265w\" sizes=\"auto, (max-width: 150px) 100vw, 150px\" \/><strong><em>Novela \u201cEscrava M\u00e3e\u201d resumo 23\/11<\/em><\/strong>: Almeida diz que Miguel deve ser condenado \u00e0 morte. Juliana invade o local, corre para os bra\u00e7os de Miguel e diz que se mat\u00e1-lo ter\u00e3o que mat\u00e1-la tamb\u00e9m. Na C\u00e2mara, Miguel est\u00e1 nervoso diante de Juliana, Almeida, Dr. Pacheco, o juiz de fora e os senhores ao redor. Almeida sugere que Juliana e Miguel sejam afastados definitivamente. Dr. Pacheco diz que j\u00e1 tem a senten\u00e7a e Juliana e Miguel imploram por clem\u00eancia.<\/p>\n<p>No capitulo 126 (*), novela \u201cEscrava M\u00e3e\u201d, quarta-feira, 23 de novembro &#8211; na C\u00e2mara, Miguel est\u00e1 nervoso diante de Juliana. Almeida, Dr. Pacheco, o juiz de fora e os senhores ao redor. Almeida sugere que Juliana e Miguel sejam afastados definitivamente. Teresa acusa Maria Isabel de ter se envolvido com Almeida para ter um filho e acusa de ter matado tia Elza. As duas discutem arduamente e Teresa desfere um tapa no rosto de Maria Isabel. Quintiliano amea\u00e7a atirar em Os\u00f3rio para que solte Guilherme que foi acusado de ter matado o pirata Barbudo. Filipa chega sem deparar com Quintiliano, apontando uma arma na dire\u00e7\u00e3o de Os\u00f3rio que rapidamente pega Filipa pelos cabelos. <\/p>\n<p>Loreto conversa com Ximena, Rosalinda chega e se enfurece ao ver a cena. Miguel tenta convencer Almeida a vender Juliana e prop\u00f5e pagar mais que o valor da alforria. Beatrice \u00e9 consolada por Tito Pardo e os dois se beijam. Ap\u00f3s longa discuss\u00e3o, Os\u00f3rio liberta Guilherme da pris\u00e3o. Almeida est\u00e1 pressionado diante de Juliana, Miguel e Dr. Pacheco. Almeida diz que n\u00e3o vai vender Juliana e alega que Teresa precisa da escrava. Catarina \u00e9 levada por soldados e est\u00e1 diante do juiz e os senhores, Rebeca com ela, Almeida, Os\u00f3rio e Dr. Pacheco presentes. <\/p>\n<p>Almeida entrega alguns documentos a Catarina, que se espanta com o que v\u00ea. Almeida diz que Catarina foi vendida a ele a partir daquele momento, a condessa virava escrava dele. Catarina fica chocada. Esm\u00e9ria procura por Maria Isabel e lhe pede ajuda. Maria Isabel diz que quando ela mais precisou Esm\u00e9ria virou as costas. Esm\u00e9ria amea\u00e7a contar toda a verdade caso Maria Isabel n\u00e3o a ajude. Teresa vem de dentro e ouve a conversa e pede que Esm\u00e9ria conte toda a verdade. Catarina sai da c\u00e2mara algemada e furiosa. Miguel e Juliana entram da sala e param diante do juiz, Dr. Pacheco e demais senhores. Almeida e Os\u00f3rio entram em seguida. Almeida diz que confia na justi\u00e7a e enaltece que os senhores chegaram a um veredito. Dr. Pacheco diz que j\u00e1 tem a senten\u00e7a e Juliana e Miguel imploram por clem\u00eancia.<\/p>\n<p>(*) edi\u00e7\u00e3o da Rede Record, Novela \u201cEscrava M\u00e3e\u201d, sujeito a altera\u00e7\u00e3o de data e conte\u00fado.<\/p>\n","protected":false},"excerpt":{"rendered":"<p>Novela \u201cEscrava M\u00e3e\u201d resumo 23\/11: Almeida diz que Miguel deve ser condenado \u00e0 morte. Juliana invade o local, corre para os bra\u00e7os de Miguel e diz que se mat\u00e1-lo ter\u00e3o que mat\u00e1-la tamb\u00e9m. Na C\u00e2mara, Miguel est\u00e1 nervoso diante de Juliana, Almeida, Dr. Pacheco, o juiz de fora e os senhores ao redor. Almeida sugere [&hellip;]<\/p>\n","protected":false},"author":2,"featured_media":87037,"comment_status":"open","ping_status":"closed","sticky":false,"template":"","format":"standard","meta":{"tdm_status":"","tdm_grid_status":"","footnotes":""},"categories":[379,371,343],"tags":[441],"class_list":{"0":"post-100267","1":"post","2":"type-post","3":"status-publish","4":"format-standard","5":"has-post-thumbnail","7":"category-novelas","8":"category-rede-record","9":"category-televisao","10":"tag-resumo-do-dia"},"_links":{"self":[{"href":"https:\/\/migracao.redenoticia.com.br\/noticia\/wp-json\/wp\/v2\/posts\/100267","targetHints":{"allow":["GET"]}}],"collection":[{"href":"https:\/\/migracao.redenoticia.com.br\/noticia\/wp-json\/wp\/v2\/posts"}],"about":[{"href":"https:\/\/migracao.redenoticia.com.br\/noticia\/wp-json\/wp\/v2\/types\/post"}],"author":[{"embeddable":true,"href":"https:\/\/migracao.redenoticia.com.br\/noticia\/wp-json\/wp\/v2\/users\/2"}],"replies":[{"embeddable":true,"href":"https:\/\/migracao.redenoticia.com.br\/noticia\/wp-json\/wp\/v2\/comments?post=100267"}],"version-history":[{"count":0,"href":"https:\/\/migracao.redenoticia.com.br\/noticia\/wp-json\/wp\/v2\/posts\/100267\/revisions"}],"wp:featuredmedia":[{"embeddable":true,"href":"https:\/\/migracao.redenoticia.com.br\/noticia\/wp-json\/wp\/v2\/media\/87037"}],"wp:attachment":[{"href":"https:\/\/migracao.redenoticia.com.br\/noticia\/wp-json\/wp\/v2\/media?parent=100267"}],"wp:term":[{"taxonomy":"category","embeddable":true,"href":"https:\/\/migracao.redenoticia.com.br\/noticia\/wp-json\/wp\/v2\/categories?post=100267"},{"taxonomy":"post_tag","embeddable":true,"href":"https:\/\/migracao.redenoticia.com.br\/noticia\/wp-json\/wp\/v2\/tags?post=100267"}],"curies":[{"name":"wp","href":"https:\/\/api.w.org\/{rel}","templated":true}]}}