{"id":1003,"date":"2009-04-30T12:50:51","date_gmt":"2009-04-30T16:50:51","guid":{"rendered":"http:\/\/www.redenoticia.com.br\/noticia\/?p=1003"},"modified":"2009-04-30T12:50:51","modified_gmt":"2009-04-30T16:50:51","slug":"lei-assegura-mamografia-para-mulheres","status":"publish","type":"post","link":"https:\/\/migracao.redenoticia.com.br\/noticia\/2009\/lei-assegura-mamografia-para-mulheres\/1003","title":{"rendered":"Lei assegura mamografia para mulheres"},"content":{"rendered":"<p class=\"MsoNormal\"><span style=\"font-family: Arial;\"><a href=\"https:\/\/migracao.redenoticia.com.br\/noticia\/imagens\/\/mama.jpg\"><img loading=\"lazy\" decoding=\"async\" class=\"alignleft size-medium wp-image-1004\" title=\"mama\" src=\"https:\/\/migracao.redenoticia.com.br\/noticia\/imagens\/\/mama-249x187.jpg\" alt=\"mama\" width=\"249\" height=\"187\" \/><\/a>Todas as mulheres com mais de 40 anos podem fazer o exame da mamografia gratuitamente no Sistema \u00danico de Sa\u00fade (SUS), com o in\u00edcio da vig\u00eancia da Lei n\u00ba 11.664 de 2008. At\u00e9 agora, a rede p\u00fablica de sa\u00fade tinha que assegurar a realiza\u00e7\u00e3o do exame para aquelas acima dos 50 anos.<\/p>\n<p>Outra mudan\u00e7a prevista na lei \u00e9 que as mulheres com diagn\u00f3stico de c\u00e2ncer de mama passam a ter direito a assist\u00eancia integral no SUS, o que inclui preven\u00e7\u00e3o, detec\u00e7\u00e3o, tratamento e controle da doen\u00e7a. Antes, a assist\u00eancia s\u00f3 ia at\u00e9 a fase de detec\u00e7\u00e3o.<\/p>\n<p>Para comemorar as mudan\u00e7as, a Federa\u00e7\u00e3o Brasileira de Institui\u00e7\u00f5es Filantr\u00f3picas de Apoio \u00e0 Sa\u00fade da Mama (Femama) promove hoje em Bras\u00edlia, no Rio de Janeiro, em S\u00e3o Paulo e em Salvador uma s\u00e9rie de a\u00e7\u00f5es para alertar o p\u00fablico feminino sobre a luta contra a doen\u00e7a. Ao longo do dia, ser\u00e3o entregues nessas cidades 23 mil rosas com um cart\u00e3o informativo sobre a nova lei.<\/p>\n<p>\u201cEsse \u00e9 um momento rico para quem est\u00e1 lutando tanto para receber esse olhar do governo. N\u00f3s mostramos que temos uma solu\u00e7\u00e3o, que \u00e9 conscientizar os as mulheres que elas precisam se cuidar mais. Estamos chegando a um denominador comum, salvar mais vidas dessa doen\u00e7a mortal\u201d, destacou a presidente da federa\u00e7\u00e3o, Maira Caleffi, que participou de uma caminhada em Bras\u00edlia, pela Esplanada dos Minist\u00e9rios.<\/p>\n<p>Segundo a Fenama, uma em cada tr\u00eas mulheres teve, tem ou ter\u00e1 algum tipo de c\u00e2ncer e uma em cada dez desenvolver\u00e1 c\u00e2ncer de mama. Uma estimativa do Instituto Nacional do C\u00e2ncer (Inca), indica que no Brasil morrem por ano 10 mil mulheres v\u00edtimas da doen\u00e7a.<\/p>\n<p>\u201cEsse tipo de atitude [a caminhada] \u00e9 muito importante para reunir esfor\u00e7os e mostrar como estamos felizes com a nova lei. J\u00e1 realizo o exame preventivo periodicamente e agora posso ficar tranq\u00fcila pois posso faz\u00ea-lo gratuitamente\u201d, disse a aposentada Maria Oriente Leite.<\/p>\n<p>No Rio, as manifesta\u00e7\u00f5es ocorrem na Cinel\u00e2ndia, em S\u00e3o Paulo, na Avenida Paulista, e em Salvador, no Largo Campo Grande. <\/span><\/p>\n<p class=\"MsoNormal\"><span style=\"font-family: Arial;\"> <\/span><\/p>\n<p class=\"MsoNormal\"><span class=\"assinatura11\"><span style=\"font-family: Arial;\">Da Ag\u00eancia Brasil <\/span><\/span><span style=\"font-family: Arial; color: #6c7962;\"><br \/>\n<!--[if !supportLineBreakNewLine]--><br \/>\n<!--[endif]--><\/span><\/p>\n","protected":false},"excerpt":{"rendered":"<p>Todas as mulheres com mais de 40 anos podem fazer o exame da mamografia gratuitamente no Sistema \u00danico de Sa\u00fade (SUS), com o in\u00edcio da vig\u00eancia da Lei n\u00ba 11.664 de 2008. At\u00e9 agora, a rede p\u00fablica de sa\u00fade tinha que assegurar a realiza\u00e7\u00e3o do exame para aquelas acima dos 50 anos. Outra mudan\u00e7a prevista [&hellip;]<\/p>\n","protected":false},"author":3,"featured_media":0,"comment_status":"open","ping_status":"open","sticky":false,"template":"","format":"standard","meta":{"tdm_status":"","tdm_grid_status":"","footnotes":""},"categories":[5],"tags":[],"class_list":{"0":"post-1003","1":"post","2":"type-post","3":"status-publish","4":"format-standard","6":"category-saude-e-vida"},"_links":{"self":[{"href":"https:\/\/migracao.redenoticia.com.br\/noticia\/wp-json\/wp\/v2\/posts\/1003","targetHints":{"allow":["GET"]}}],"collection":[{"href":"https:\/\/migracao.redenoticia.com.br\/noticia\/wp-json\/wp\/v2\/posts"}],"about":[{"href":"https:\/\/migracao.redenoticia.com.br\/noticia\/wp-json\/wp\/v2\/types\/post"}],"author":[{"embeddable":true,"href":"https:\/\/migracao.redenoticia.com.br\/noticia\/wp-json\/wp\/v2\/users\/3"}],"replies":[{"embeddable":true,"href":"https:\/\/migracao.redenoticia.com.br\/noticia\/wp-json\/wp\/v2\/comments?post=1003"}],"version-history":[{"count":0,"href":"https:\/\/migracao.redenoticia.com.br\/noticia\/wp-json\/wp\/v2\/posts\/1003\/revisions"}],"wp:attachment":[{"href":"https:\/\/migracao.redenoticia.com.br\/noticia\/wp-json\/wp\/v2\/media?parent=1003"}],"wp:term":[{"taxonomy":"category","embeddable":true,"href":"https:\/\/migracao.redenoticia.com.br\/noticia\/wp-json\/wp\/v2\/categories?post=1003"},{"taxonomy":"post_tag","embeddable":true,"href":"https:\/\/migracao.redenoticia.com.br\/noticia\/wp-json\/wp\/v2\/tags?post=1003"}],"curies":[{"name":"wp","href":"https:\/\/api.w.org\/{rel}","templated":true}]}}