{"id":100367,"date":"2016-11-24T06:43:05","date_gmt":"2016-11-24T08:43:05","guid":{"rendered":"http:\/\/www.redenoticia.com.br\/noticia\/?p=100367"},"modified":"2016-11-23T13:45:05","modified_gmt":"2016-11-23T15:45:05","slug":"nucleo-luz-sp-abre-inscricoes-para-candidatos-entre-14-e-19-anos","status":"publish","type":"post","link":"https:\/\/migracao.redenoticia.com.br\/noticia\/2016\/nucleo-luz-sp-abre-inscricoes-para-candidatos-entre-14-e-19-anos\/100367","title":{"rendered":"N\u00facleo Luz SP abre inscri\u00e7\u00f5es para candidatos entre 14 e 19 anos"},"content":{"rendered":"<p> Os jovens que possuem experi\u00eancia b\u00e1sica na pr\u00e1tica corporal e quiserem se aperfei\u00e7oar no mundo da <strong><em>dan\u00e7a<\/em><\/strong> podem se inscrever no N\u00facleo Luz para o Ciclo I &#8211; 2017, voltado para alunos entre 14 e 19 anos de idade. A participa\u00e7\u00e3o \u00e9 gratuita e o projeto disponibiliza bolsa mensal de R$ 100, aux\u00edlio-transporte e alimenta\u00e7\u00e3o.<\/p>\n<p>As inscri\u00e7\u00f5es v\u00e3o at\u00e9 o dia 15 de dezembro pelo . Para participar, \u00e9 preciso residir em S\u00e3o Paulo, ter renda familiar mensal de at\u00e9 um sal\u00e1rio m\u00ednimo por pessoa, viv\u00eancia b\u00e1sica em alguma pr\u00e1tica corporal (dan\u00e7a, circo, teatro, capoeira, esportes) e disponibilidade para atividades de segunda a sexta, das 8h \u00e0s 12h, e em dias de apresenta\u00e7\u00e3o\/espet\u00e1culo.<\/p>\n<p>Os candidatos ser\u00e3o analisados com base nos requisitos para participa\u00e7\u00e3o. A partir do dia 19 de dezembro, todos inscritos receber\u00e3o um e-mail informando se est\u00e3o ou n\u00e3o convocados. O processo seletivo \u00e9 presencial e ocorrer\u00e1 nos dias 26 e 27 de janeiro de 2017, das 9h \u00e0s 17h, na sede do projeto em S\u00e3o Paulo. O processo inclui duas etapas: roda de conversa e testes pr\u00e1ticos.<\/p>\n<p>A lista com os aprovados ser\u00e1 divulgada pelo  no dia 30 de janeiro e os candidatos tamb\u00e9m ser\u00e3o informados via e-mail. Em caso de d\u00favidas, entre em contato pelo telefone (11) 3222-8151 ou e-mail:\u00a0nucleoluz@fabricasdecultura.org.br.<\/p>\n<p>Sobre o N\u00facleo Luz<br \/>\nCriado como piloto em 2007, o N\u00facleo Luz n\u00e3o parou de crescer e hoje busca ampliar o universo cultural de jovens de fam\u00edlias de baixa renda. Faz isso por meio da viv\u00eancia mais profunda na dan\u00e7a, da cria\u00e7\u00e3o de espet\u00e1culos, da interface com outras linguagens art\u00edsticas, al\u00e9m da participa\u00e7\u00e3o em diversas atividades socioeducativas.<\/p>\n<p>Do Portal do Governo do Estado SP<\/p>\n","protected":false},"excerpt":{"rendered":"<p>Os jovens que possuem experi\u00eancia b\u00e1sica na pr\u00e1tica corporal e quiserem se aperfei\u00e7oar no mundo da dan\u00e7a podem se inscrever no N\u00facleo Luz para o Ciclo I &#8211; 2017, voltado para alunos entre 14 e 19 anos de idade. A participa\u00e7\u00e3o \u00e9 gratuita e o projeto disponibiliza bolsa mensal de R$ 100, aux\u00edlio-transporte e alimenta\u00e7\u00e3o. [&hellip;]<\/p>\n","protected":false},"author":2,"featured_media":28951,"comment_status":"open","ping_status":"closed","sticky":false,"template":"","format":"standard","meta":{"tdm_status":"","tdm_grid_status":"","footnotes":""},"categories":[22,351,370],"tags":[],"class_list":{"0":"post-100367","1":"post","2":"type-post","3":"status-publish","4":"format-standard","5":"has-post-thumbnail","7":"category-brasil","8":"category-cursos","9":"category-inscricao"},"_links":{"self":[{"href":"https:\/\/migracao.redenoticia.com.br\/noticia\/wp-json\/wp\/v2\/posts\/100367","targetHints":{"allow":["GET"]}}],"collection":[{"href":"https:\/\/migracao.redenoticia.com.br\/noticia\/wp-json\/wp\/v2\/posts"}],"about":[{"href":"https:\/\/migracao.redenoticia.com.br\/noticia\/wp-json\/wp\/v2\/types\/post"}],"author":[{"embeddable":true,"href":"https:\/\/migracao.redenoticia.com.br\/noticia\/wp-json\/wp\/v2\/users\/2"}],"replies":[{"embeddable":true,"href":"https:\/\/migracao.redenoticia.com.br\/noticia\/wp-json\/wp\/v2\/comments?post=100367"}],"version-history":[{"count":0,"href":"https:\/\/migracao.redenoticia.com.br\/noticia\/wp-json\/wp\/v2\/posts\/100367\/revisions"}],"wp:featuredmedia":[{"embeddable":true,"href":"https:\/\/migracao.redenoticia.com.br\/noticia\/wp-json\/wp\/v2\/media\/28951"}],"wp:attachment":[{"href":"https:\/\/migracao.redenoticia.com.br\/noticia\/wp-json\/wp\/v2\/media?parent=100367"}],"wp:term":[{"taxonomy":"category","embeddable":true,"href":"https:\/\/migracao.redenoticia.com.br\/noticia\/wp-json\/wp\/v2\/categories?post=100367"},{"taxonomy":"post_tag","embeddable":true,"href":"https:\/\/migracao.redenoticia.com.br\/noticia\/wp-json\/wp\/v2\/tags?post=100367"}],"curies":[{"name":"wp","href":"https:\/\/api.w.org\/{rel}","templated":true}]}}