{"id":100384,"date":"2016-11-24T06:46:16","date_gmt":"2016-11-24T08:46:16","guid":{"rendered":"http:\/\/www.redenoticia.com.br\/noticia\/?p=100384"},"modified":"2016-11-23T13:47:12","modified_gmt":"2016-11-23T15:47:12","slug":"gestores-e-cientistas-do-brasil-e-alemanha-avaliam-desenvolvimento-urbano-sustentavel","status":"publish","type":"post","link":"https:\/\/migracao.redenoticia.com.br\/noticia\/2016\/gestores-e-cientistas-do-brasil-e-alemanha-avaliam-desenvolvimento-urbano-sustentavel\/100384","title":{"rendered":"Gestores e cientistas do Brasil e Alemanha avaliam desenvolvimento urbano sustent\u00e1vel"},"content":{"rendered":"<p> Ag\u00eancia FAPESP \u2013 A quinta edi\u00e7\u00e3o do Di\u00e1logo Brasil-Alemanha de Ci\u00eancia, Pesquisa e Inova\u00e7\u00e3o, em 29 e 30 de novembro, reunir\u00e1 na C\u00e2mara Municipal de S\u00e3o Paulo gestores urbanos e pesquisadores dos dois pa\u00edses para debater quest\u00f5es relacionadas \u00e0 <strong><em>urbaniza\u00e7\u00e3o<\/em><\/strong>, seus desafios e solu\u00e7\u00f5es.<\/p>\n<p>Com o tema \u201cThe City of Tomorrow \u2013 Tackling Urban Challenges and Opportunities\u201d, a confer\u00eancia, realizada anualmente pelo Centro Alem\u00e3o de Ci\u00eancia e Inova\u00e7\u00e3o &#8211; S\u00e3o Paulo (DWIH-SP), tem a colabora\u00e7\u00e3o neste ano da FAPESP, FGV Projetos, Escola do Parlamento da C\u00e2mara Municipal de S\u00e3o Paulo e Minist\u00e9\u00c2\u0081rio Federal das Rela\u00e7\u00f5es Externas da Alemanha.<\/p>\n<p>Os debates foram estruturados em tr\u00eas pain\u00e9is principais, que discutir\u00e3o: \u201cPlanejamento Urbano e Governan\u00e7a\u201d, \u201cMeio Ambiente\u201d e \u201cDesafios Urbanos e Oportunidades\u201d.<\/p>\n<p>O primeiro painel, sobre planejamento urbano e governan\u00e7a, ter\u00e1 foco em revitaliza\u00e7\u00e3o, cidades criativas e conflitos urbanos a partir da gest\u00e3o de interesses divergentes.<\/p>\n<p>O secret\u00e1rio Municipal de Desenvolvimento Urbano de S\u00e3o Paulo, Fernando Mello Franco, tratar\u00e1 da experi\u00eancia paulistana. Para ele, a cidade deve lidar com um d\u00e9ficit habitacional em meio a um contexto de crescimento demogr\u00e1fico e de limita\u00e7\u00f5es de expans\u00e3o horizontal e vertical.<\/p>\n<p>O secret\u00e1rio explica que o Plano Diretor Estrat\u00e9gico estabelece um conjunto de mecanismos que visam \u00e0 constru\u00e7\u00e3o de uma pol\u00edtica habitacional. \u201cTais instrumentos fazem cumprir a fun\u00e7\u00e3o social da cidade, dando um horizonte de que o problema habitacional s\u00f3 se resolver\u00e1 a longo prazo, mas \u00e9 solucion\u00e1vel\u201d, afirma.<\/p>\n<p>O tema revitaliza\u00e7\u00e3o ser\u00e1 apresentado por Washington Fajardo, presidente do Instituto Rio Patrim\u00f4nio da Humanidade (IRPH) e do Conselho Municipal de Prote\u00e7\u00e3o do Patrim\u00f4nio Cultural do Rio de Janeiro. Para ele, n\u00e3o \u00e9 poss\u00edvel dissociar a recupera\u00e7\u00e3o do patrim\u00f4nio cultural da recupera\u00e7\u00e3o dos centros urbanos hist\u00f3ricos. \u201cO que a prefeitura do Rio de Janeiro fez, ao priorizar o centro da cidade, com projetos como o Porto Maravilha, \u00e9 muito estrat\u00e9gico para o desenvolvimento urbano e faz uma inflex\u00e3o na l\u00f3gica vigente nos \u00faltimos 40 anos\u201d, avalia.<\/p>\n<p>O segundo painel, dedicado ao meio ambiente, ser\u00e1 desdobrado nos subtemas \u201cEfici\u00eancia Energ\u00e9tica e Clima Urbano\u201d e \u201cGest\u00e3o de \u00c1gua e Res\u00edduos\u201d, com debates sobre energia para o desenvolvimento sustent\u00e1vel, ecologia urbana, planejamento ecol\u00f3gico integrado, tratamento de \u00e1gua e gest\u00e3o h\u00eddrica urbana.<\/p>\n<p>No que se refere \u00e0 energia, o palestrante Gilberto Jannuzzi, professor da Faculdade de Engenharia Mec\u00e2nica da Universidade Estadual de Campinas (Unicamp), defende a necessidade de se criar novos modelos de neg\u00f3cio compat\u00edveis com a evolu\u00e7\u00e3o dos servi\u00e7os de energia, que possam contribuir para tornar as cidades mais sustent\u00e1veis. Para ele, devem ser disponibilizadas infraestrutura, tecnologias e redes mais eficientes, que tornem o pr\u00f3prio consumidor agente da produ\u00e7\u00e3o energ\u00e9tica.<\/p>\n<p>Quanto \u00e0 gest\u00e3o de recursos h\u00eddricos, a palestrante Angelika Fink, gerente do laborat\u00f3rio Hessenwasser GmbH, ressalta que \u00e9 preciso ir al\u00e9m da quest\u00e3o de fornecimento de \u00e1gua pot\u00e1vel e do tratamento de \u00e1guas residuais, priorizando-se uma abordagem global para que haja uma gest\u00e3o sustent\u00e1vel e integrada da \u00e1gua.<\/p>\n<p>O \u00faltimo painel promover\u00e1 o debate sobre os desafios e as oportunidades urbanas, com foco nas contribui\u00e7\u00f5es para uma parceria entre Brasil e Alemanha no tema urbaniza\u00e7\u00e3o para cidades sustent\u00e1veis. Tamb\u00e9m nesta etapa ser\u00e3o apontadas conclus\u00f5es sobre os t\u00f3picos discutidos e priorizados inputs de perspectiva pr\u00e1tica.<\/p>\n<p>A programa\u00e7\u00e3o completa e a ficha de inscri\u00e7\u00e3o est\u00e3o dispon\u00edveis no endere\u00e7o .<\/p>\n","protected":false},"excerpt":{"rendered":"<p>Ag\u00eancia FAPESP \u2013 A quinta edi\u00e7\u00e3o do Di\u00e1logo Brasil-Alemanha de Ci\u00eancia, Pesquisa e Inova\u00e7\u00e3o, em 29 e 30 de novembro, reunir\u00e1 na C\u00e2mara Municipal de S\u00e3o Paulo gestores urbanos e pesquisadores dos dois pa\u00edses para debater quest\u00f5es relacionadas \u00e0 urbaniza\u00e7\u00e3o, seus desafios e solu\u00e7\u00f5es. Com o tema \u201cThe City of Tomorrow \u2013 Tackling Urban Challenges [&hellip;]<\/p>\n","protected":false},"author":2,"featured_media":34681,"comment_status":"open","ping_status":"closed","sticky":false,"template":"","format":"standard","meta":{"tdm_status":"","tdm_grid_status":"","footnotes":""},"categories":[22,370,353],"tags":[],"class_list":{"0":"post-100384","1":"post","2":"type-post","3":"status-publish","4":"format-standard","5":"has-post-thumbnail","7":"category-brasil","8":"category-inscricao","9":"category-oportunidades"},"_links":{"self":[{"href":"https:\/\/migracao.redenoticia.com.br\/noticia\/wp-json\/wp\/v2\/posts\/100384","targetHints":{"allow":["GET"]}}],"collection":[{"href":"https:\/\/migracao.redenoticia.com.br\/noticia\/wp-json\/wp\/v2\/posts"}],"about":[{"href":"https:\/\/migracao.redenoticia.com.br\/noticia\/wp-json\/wp\/v2\/types\/post"}],"author":[{"embeddable":true,"href":"https:\/\/migracao.redenoticia.com.br\/noticia\/wp-json\/wp\/v2\/users\/2"}],"replies":[{"embeddable":true,"href":"https:\/\/migracao.redenoticia.com.br\/noticia\/wp-json\/wp\/v2\/comments?post=100384"}],"version-history":[{"count":0,"href":"https:\/\/migracao.redenoticia.com.br\/noticia\/wp-json\/wp\/v2\/posts\/100384\/revisions"}],"wp:featuredmedia":[{"embeddable":true,"href":"https:\/\/migracao.redenoticia.com.br\/noticia\/wp-json\/wp\/v2\/media\/34681"}],"wp:attachment":[{"href":"https:\/\/migracao.redenoticia.com.br\/noticia\/wp-json\/wp\/v2\/media?parent=100384"}],"wp:term":[{"taxonomy":"category","embeddable":true,"href":"https:\/\/migracao.redenoticia.com.br\/noticia\/wp-json\/wp\/v2\/categories?post=100384"},{"taxonomy":"post_tag","embeddable":true,"href":"https:\/\/migracao.redenoticia.com.br\/noticia\/wp-json\/wp\/v2\/tags?post=100384"}],"curies":[{"name":"wp","href":"https:\/\/api.w.org\/{rel}","templated":true}]}}