{"id":100386,"date":"2016-11-24T06:47:17","date_gmt":"2016-11-24T08:47:17","guid":{"rendered":"http:\/\/www.redenoticia.com.br\/noticia\/?p=100386"},"modified":"2016-11-23T13:48:10","modified_gmt":"2016-11-23T15:48:10","slug":"celulas-envolvidas-na-formacao-de-tumores-podem-ajudar-no-combate-ao-cancer","status":"publish","type":"post","link":"https:\/\/migracao.redenoticia.com.br\/noticia\/2016\/celulas-envolvidas-na-formacao-de-tumores-podem-ajudar-no-combate-ao-cancer\/100386","title":{"rendered":"C\u00e9lulas envolvidas na forma\u00e7\u00e3o de tumores podem ajudar no combate ao c\u00e2ncer"},"content":{"rendered":"<p> Ag\u00eancia FAPESP \u00a0| \u00a0Heitor Shimizu, de Montevid\u00e9u \u2013 Estudos indicam que <strong><em>tumores s\u00f3lidos e c\u00e2nceres hematol\u00f3gicos<\/em><\/strong> (como leucemia, mieloma e linfoma) t\u00eam, entre suas c\u00e9lulas, um tipo conhecido como c\u00e9lulas-tronco tumorais. Essas teriam caracter\u00edsticas semelhantes \u00e0s das c\u00e9lulas-tronco normais, especialmente a capacidade de originar qualquer um dos tipos de c\u00e9lulas encontradas nas diferentes formas de c\u00e2ncer.<\/p>\n<p>C\u00e9lulas-tronco tumorais (ou cancer\u00edgenas) s\u00e3o c\u00e9lulas que podem se dividir e originar v\u00e1rias c\u00e9lulas que constituem tumores. Por conta disso, representam um importante alvo de pesquisas em diversos pa\u00edses. Entretanto, h\u00e1 cientistas que discordam de sua exist\u00eancia e da ideia de que c\u00e9lulas-tronco normais possam originar c\u00e9lulas-tronco tumorais. Outros, mais cautelosos, preferem dizer que tais c\u00e9lulas s\u00e3o ainda uma hip\u00f3tese.<\/p>\n<p>As c\u00e9lulas cancer\u00edgenas n\u00e3o s\u00e3o sempre iguais. Em um tumor maligno pode haver uma variedade de tipos de c\u00e9lulas e a ideia das c\u00e9lulas-tronco tumorais \u00e9 que, entre as c\u00e9lulas do c\u00e2ncer, algumas atuem como c\u00e9lulas-tronco que se reproduzem e sustentam o c\u00e2ncer, de forma semelhante \u00e0 que c\u00e9lulas-tronco normais se derivam em \u00f3rg\u00e3os e tecidos.<\/p>\n<p>Um grupo de pesquisadores da Universidad de la Rep\u00fablica (UDELAR), no Uruguai, n\u00e3o tem d\u00favidas da exist\u00eancia e destaca a import\u00e2ncia de se realizar estudos com essas c\u00e9lulas.<\/p>\n<p>\u201cAs c\u00e9lulas-tronco tumorais t\u00eam grande interesse cl\u00ednico por estarem envolvidas na met\u00e1stase e na resist\u00eancia \u00e0s drogas, prejudicando tratamentos como a quimioterapia\u201d, disse Maria Ana Duhagon, professora no Laborat\u00f3rio de Intera\u00e7\u00f5es Moleculares da Faculdade de Medicina da UDELAR.<\/p>\n<p>Diversas terapias contra o c\u00e2ncer t\u00eam como base a capacidade de reduzir o tamanho de tumores, mas se elas n\u00e3o destroem as c\u00e9lulas-tronco tumorais, o tumor poder\u00e1 crescer novamente.<\/p>\n<p>Na FAPESP Week Montevideo, realizada nos dias 17 e 18 de novembro no Uruguai, Duhagon falou sobre pesquisas que seu grupo realiza com microRNAs envolvidos na diferencia\u00e7\u00e3o de c\u00e9lulas-tronco em c\u00e2ncer de pr\u00f3stata, a segunda causa mais frequente de morte entre homens em pa\u00edses como o Uruguai e Brasil.<\/p>\n<p>MicroRNAs s\u00e3o reguladores fundamentais da express\u00e3o g\u00eanica em plantas e animais. S\u00e3o \u00e1cidos ribonucleicos (RNA) n\u00e3o codificantes, ou seja, mol\u00e9culas transcritas a partir do genoma e n\u00e3o traduzidas em polipept\u00eddeos. Geralmente permanecem no n\u00facleo da c\u00e9lula, atuando na regula\u00e7\u00e3o da express\u00e3o g\u00eanica.<\/p>\n<p>\u201cTemos desenvolvido um m\u00e9todo para isolamento, manuten\u00e7\u00e3o e diferencia\u00e7\u00e3o de c\u00e9lulas-tronco tumorais que permite realizar an\u00e1lises de sensibilidade a f\u00e1rmacos convencionais e naturais e a identificar vias moduladoras da diferencia\u00e7\u00e3o. O m\u00e9todo tamb\u00e9m tem possibilitado determinar a capacidade de met\u00e1stase e caracterizar microRNAs modulados durante a diferencia\u00e7\u00e3o\u201d, disse.<\/p>\n<p>Segundo Duhagon, sabe-se que os microRNAs se encontram extensivamente desregulados em c\u00e2nceres, o que permite o uso desses \u00e1cidos para identificar ou acompanhar o desenvolvimento da doen\u00e7a.<\/p>\n<p>\u201cOs microRNAs participam da manuten\u00e7\u00e3o do estado de diferencia\u00e7\u00e3o das c\u00e9lulas tumorais, sendo esta a linha de pesquisa fundamental de nosso grupo\u201d, disse.<\/p>\n<p>A pesquisadora e seu grupo identificaram microRNAs com potencial para o desenvolvimento de terapias contra o c\u00e2ncer de pr\u00f3stata. Duhagon contou que a detec\u00e7\u00e3o de poss\u00edveis locais de intera\u00e7\u00e3o de um deles (hsa-miR-886-3p) com o RNA mensageiro na por\u00e7\u00e3o n\u00e3o traduzida do RNA chamada de 3\u2019 UTRs (do ingl\u00eas three prime untranslated region) permitiu a sele\u00e7\u00e3o de diversos genes candidatos \u00e0 inibi\u00e7\u00e3o de tumores.<\/p>\n<p>\u201cOs RNA mensageiros desses genes diminu\u00edram com a transfer\u00eancia tempor\u00e1ria de hsa-miR-886-3p, inibindo a prolifera\u00e7\u00e3o\u201d, disse.<\/p>\n<p>\u201cO hsa-miR-886-3p prov\u00e9m de um precursor de RNA n\u00e3o convencional chamado vtRNA2-1, localizado em um local de relev\u00e2ncia emergente, mas de pouca compreens\u00e3o. A express\u00e3o do hsa-miR-886-3p e do vtRNA2-1, que verificamos em amostras obtidas no Uruguai e no CancerGenomeAtlas, \u00e9 regulada fortemente pela metila\u00e7\u00e3o [processo envolvido na regula\u00e7\u00e3o de express\u00e3o g\u00eanica] de seu promotor, o que o torna um poss\u00edvel gene supressor de tumor em c\u00e2ncer de pr\u00f3stata\u201d, disse.<\/p>\n<p>An\u00e1lises feitas pelos pesquisadores da UDELAR permitiram identificar o papel de supressor de tumor na etapa G2\/M, afetando a prolifera\u00e7\u00e3o tanto em testes in vitro como em modelos animais \u2013 G2\/M, ou checagem da entrada em mitose, \u00e9 uma etapa importante no ciclo celular que verifica se n\u00e3o h\u00e1 danos no DNA.<\/p>\n<p>\u201cPor meio do uso de microarrays de express\u00e3o g\u00eanica, identificamos 278 transcri\u00e7\u00f5es reguladas diferentemente pelo vtRNA2-1, que representam processos celulares como migra\u00e7\u00e3o, ades\u00e3o e ciclo celular\u201d, disse. Microarray (\u201cmicroarranjo\u201d) \u00e9 uma ferramenta empregada para analisar a express\u00e3o de centenas ou milhares de genes em uma amostra.<\/p>\n<p>Saiba mais sobre a FAPESP Week Montevideo: .<\/p>\n","protected":false},"excerpt":{"rendered":"<p>Ag\u00eancia FAPESP \u00a0| \u00a0Heitor Shimizu, de Montevid\u00e9u \u2013 Estudos indicam que tumores s\u00f3lidos e c\u00e2nceres hematol\u00f3gicos (como leucemia, mieloma e linfoma) t\u00eam, entre suas c\u00e9lulas, um tipo conhecido como c\u00e9lulas-tronco tumorais. Essas teriam caracter\u00edsticas semelhantes \u00e0s das c\u00e9lulas-tronco normais, especialmente a capacidade de originar qualquer um dos tipos de c\u00e9lulas encontradas nas diferentes formas de [&hellip;]<\/p>\n","protected":false},"author":2,"featured_media":37376,"comment_status":"open","ping_status":"closed","sticky":false,"template":"","format":"standard","meta":{"tdm_status":"","tdm_grid_status":"","footnotes":""},"categories":[22,5],"tags":[],"class_list":{"0":"post-100386","1":"post","2":"type-post","3":"status-publish","4":"format-standard","5":"has-post-thumbnail","7":"category-brasil","8":"category-saude-e-vida"},"_links":{"self":[{"href":"https:\/\/migracao.redenoticia.com.br\/noticia\/wp-json\/wp\/v2\/posts\/100386","targetHints":{"allow":["GET"]}}],"collection":[{"href":"https:\/\/migracao.redenoticia.com.br\/noticia\/wp-json\/wp\/v2\/posts"}],"about":[{"href":"https:\/\/migracao.redenoticia.com.br\/noticia\/wp-json\/wp\/v2\/types\/post"}],"author":[{"embeddable":true,"href":"https:\/\/migracao.redenoticia.com.br\/noticia\/wp-json\/wp\/v2\/users\/2"}],"replies":[{"embeddable":true,"href":"https:\/\/migracao.redenoticia.com.br\/noticia\/wp-json\/wp\/v2\/comments?post=100386"}],"version-history":[{"count":0,"href":"https:\/\/migracao.redenoticia.com.br\/noticia\/wp-json\/wp\/v2\/posts\/100386\/revisions"}],"wp:featuredmedia":[{"embeddable":true,"href":"https:\/\/migracao.redenoticia.com.br\/noticia\/wp-json\/wp\/v2\/media\/37376"}],"wp:attachment":[{"href":"https:\/\/migracao.redenoticia.com.br\/noticia\/wp-json\/wp\/v2\/media?parent=100386"}],"wp:term":[{"taxonomy":"category","embeddable":true,"href":"https:\/\/migracao.redenoticia.com.br\/noticia\/wp-json\/wp\/v2\/categories?post=100386"},{"taxonomy":"post_tag","embeddable":true,"href":"https:\/\/migracao.redenoticia.com.br\/noticia\/wp-json\/wp\/v2\/tags?post=100386"}],"curies":[{"name":"wp","href":"https:\/\/api.w.org\/{rel}","templated":true}]}}