{"id":100413,"date":"2016-11-23T19:50:35","date_gmt":"2016-11-23T21:50:35","guid":{"rendered":"http:\/\/www.redenoticia.com.br\/noticia\/?p=100413"},"modified":"2016-11-23T18:30:16","modified_gmt":"2016-11-23T20:30:16","slug":"novela-rock-story-resumo-2411-leo-regis-se-declara-para-diana","status":"publish","type":"post","link":"https:\/\/migracao.redenoticia.com.br\/noticia\/2016\/novela-rock-story-resumo-2411-leo-regis-se-declara-para-diana\/100413","title":{"rendered":"Novela \u201cRock Story\u201d resumo 24\/11: L\u00e9o R\u00e9gis se declara para Diana"},"content":{"rendered":"<p><img loading=\"lazy\" decoding=\"async\" class=\"alignleft size-thumbnail wp-image-97429\" src=\"https:\/\/migracao.redenoticia.com.br\/noticia\/imagens\/logo_rock_story-150x112.jpg\" alt=\"logo_rock_story\" width=\"150\" height=\"112\" srcset=\"https:\/\/migracao.redenoticia.com.br\/noticia\/imagens\/logo_rock_story-150x112.jpg 150w, https:\/\/migracao.redenoticia.com.br\/noticia\/imagens\/logo_rock_story-265x198.jpg 265w\" sizes=\"auto, (max-width: 150px) 100vw, 150px\" \/><strong><em>Novela \u201cRock Story\u201d resumo 24\/11<\/em><\/strong>: depois de aparecer em um v\u00eddeo onde diz que jamais se relacionaria com Diana, L\u00e9o R\u00e9gis se redime com uma prova de amor. O cantor faz um show no evento que est\u00e1 repleto de f\u00e3s e personalidades da m\u00fasica e aproveita a presen\u00e7a de Diana para se declarar. O cantor pede que a diretora art\u00edstica suba no palco, fala sobre o sentimento por ela e d\u00e1 um beija\u00e7o em Diana na frente de todos. A declara\u00e7\u00e3o desagrada N\u00e9ia, que fica furiosa e amea\u00e7a romper rela\u00e7\u00f5es com o cantor. Diana e L\u00e9o passam a noite juntos. <\/p>\n<p>No cap\u00edtulo 014(*), novela \u201cRock Story\u201d, quinta-feira, 24 de novembro \u2013 Gui tenta falar com J\u00falia. N\u00e9ia n\u00e3o gosta de ver L\u00e9o ir atr\u00e1s de Diana. Luiz\u00e3o pede para Luana cuidar de JF. Ramon v\u00ea Gui e L\u00e9o discutindo e se esconde para fotograf\u00e1-los. Ramon pede para L\u00e1zaro liberar sua entrada para o camarim.<\/p>\n<p>Gui expulsa Diana de seu camarim e L\u00e1zaro tenta defend\u00ea-la. Haroldo paga Ramon para fotografar Gilda e Diana. Gui se enfurece durante a apresenta\u00e7\u00e3o do pr\u00eamio. N\u00e9ia hostiliza Gui durante seu show. Gordo desabafa com Nelson.<\/p>\n<p>J\u00falia impede que Gui invada o palco para brigar com L\u00e9o. L\u00e9o se declara para Diana. Gui e J\u00falia conversam. Diana e L\u00e9o passam a noite juntos. Nicolau n\u00e3o consegue falar com os pais e fica angustiado. Chiara flagra Diana e L\u00e9o se beijando.<\/p>\n<p>(*) edi\u00e7\u00e3o da Rede Globo, Novela \u201cRock Story\u201d, sujeito a altera\u00e7\u00e3o de data e conte\u00fado.<\/p>\n","protected":false},"excerpt":{"rendered":"<p>Novela \u201cRock Story\u201d resumo 24\/11: depois de aparecer em um v\u00eddeo onde diz que jamais se relacionaria com Diana, L\u00e9o R\u00e9gis se redime com uma prova de amor. O cantor faz um show no evento que est\u00e1 repleto de f\u00e3s e personalidades da m\u00fasica e aproveita a presen\u00e7a de Diana para se declarar. O cantor [&hellip;]<\/p>\n","protected":false},"author":4,"featured_media":97429,"comment_status":"open","ping_status":"closed","sticky":false,"template":"","format":"standard","meta":{"tdm_status":"","tdm_grid_status":"","footnotes":""},"categories":[379,375,343],"tags":[441],"class_list":{"0":"post-100413","1":"post","2":"type-post","3":"status-publish","4":"format-standard","5":"has-post-thumbnail","7":"category-novelas","8":"category-rede-globo","9":"category-televisao","10":"tag-resumo-do-dia"},"_links":{"self":[{"href":"https:\/\/migracao.redenoticia.com.br\/noticia\/wp-json\/wp\/v2\/posts\/100413","targetHints":{"allow":["GET"]}}],"collection":[{"href":"https:\/\/migracao.redenoticia.com.br\/noticia\/wp-json\/wp\/v2\/posts"}],"about":[{"href":"https:\/\/migracao.redenoticia.com.br\/noticia\/wp-json\/wp\/v2\/types\/post"}],"author":[{"embeddable":true,"href":"https:\/\/migracao.redenoticia.com.br\/noticia\/wp-json\/wp\/v2\/users\/4"}],"replies":[{"embeddable":true,"href":"https:\/\/migracao.redenoticia.com.br\/noticia\/wp-json\/wp\/v2\/comments?post=100413"}],"version-history":[{"count":0,"href":"https:\/\/migracao.redenoticia.com.br\/noticia\/wp-json\/wp\/v2\/posts\/100413\/revisions"}],"wp:featuredmedia":[{"embeddable":true,"href":"https:\/\/migracao.redenoticia.com.br\/noticia\/wp-json\/wp\/v2\/media\/97429"}],"wp:attachment":[{"href":"https:\/\/migracao.redenoticia.com.br\/noticia\/wp-json\/wp\/v2\/media?parent=100413"}],"wp:term":[{"taxonomy":"category","embeddable":true,"href":"https:\/\/migracao.redenoticia.com.br\/noticia\/wp-json\/wp\/v2\/categories?post=100413"},{"taxonomy":"post_tag","embeddable":true,"href":"https:\/\/migracao.redenoticia.com.br\/noticia\/wp-json\/wp\/v2\/tags?post=100413"}],"curies":[{"name":"wp","href":"https:\/\/api.w.org\/{rel}","templated":true}]}}