{"id":100427,"date":"2016-11-23T18:15:44","date_gmt":"2016-11-23T20:15:44","guid":{"rendered":"http:\/\/www.redenoticia.com.br\/noticia\/?p=100427"},"modified":"2016-11-23T18:34:06","modified_gmt":"2016-11-23T20:34:06","slug":"novela-lagrimas-de-amor-resumo-2411-patricio-se-irrita-com-comentario","status":"publish","type":"post","link":"https:\/\/migracao.redenoticia.com.br\/noticia\/2016\/novela-lagrimas-de-amor-resumo-2411-patricio-se-irrita-com-comentario\/100427","title":{"rendered":"Novela \u201cL\u00e1grimas de Amor\u201d resumo 24\/11: Patr\u00edcio se irrita com coment\u00e1rio"},"content":{"rendered":"<p><img loading=\"lazy\" decoding=\"async\" class=\"alignleft size-thumbnail wp-image-96552\" src=\"https:\/\/migracao.redenoticia.com.br\/noticia\/imagens\/lagrimas_de_amor_novela_resumo_SBT-150x112.jpg\" alt=\"lagrimas_de_amor_novela_resumo_sbt\" width=\"150\" height=\"112\" srcset=\"https:\/\/migracao.redenoticia.com.br\/noticia\/imagens\/lagrimas_de_amor_novela_resumo_SBT-150x112.jpg 150w, https:\/\/migracao.redenoticia.com.br\/noticia\/imagens\/lagrimas_de_amor_novela_resumo_SBT-265x198.jpg 265w\" sizes=\"auto, (max-width: 150px) 100vw, 150px\" \/><strong><em>Novela \u201cL\u00e1grimas de Amor\u201d resumo 24\/11<\/em><\/strong>: Regina confessa a Julieta que a not\u00edcia de que Patricio vai ter um filho \u00e9 muito animadora, mas tamb\u00e9m muito triste, porque n\u00e3o sabe se vai conhecer seu neto. Norma e Olga conversam e criticam os homens que abandonam suas fam\u00edlias nas ruas. Patricio ouve, fica irritado e explode. Mais tarde, Raul aconselha Patricio a se reconciliar com a sua fam\u00edlia e inform\u00e1-los que vai ter um filho. <\/p>\n<p>No cap\u00edtulo 039(*), novela \u201cL\u00e1grimas de Amor\u201d, quinta-feira, 24 de novembro \u2013 Regina confessa a Julieta que a not\u00edcia de que Patricio ter\u00e1 um filho \u00e9 muito animadora, mas tamb\u00e9m muito triste, porque n\u00e3o sabe se conhecer\u00e1 seu neto. Norma e Olga criticam os homens que abandonam suas fam\u00edlias nas ruas.<\/p>\n<p>Patricio fica irritado e explode. Um dos empregados do restaurante onde est\u00e3o Edmundo, Lucero e Regina diz que eles n\u00e3o podem sair sem pagar a conta.<\/p>\n<p>Edmundo joga dinheiro para mostrar que eles podem pagar. Raul aconselha Patricio a se reconciliar com a sua fam\u00edlia e inform\u00e1-los que vai ter um filho.<\/p>\n<p>(*) edi\u00e7\u00e3o do SBT, Novela \u201cL\u00e1grimas de Amor\u201d, sujeito a altera\u00e7\u00e3o de data e conte\u00fado.<\/p>\n","protected":false},"excerpt":{"rendered":"<p>Novela \u201cL\u00e1grimas de Amor\u201d resumo 24\/11: Regina confessa a Julieta que a not\u00edcia de que Patricio vai ter um filho \u00e9 muito animadora, mas tamb\u00e9m muito triste, porque n\u00e3o sabe se vai conhecer seu neto. Norma e Olga conversam e criticam os homens que abandonam suas fam\u00edlias nas ruas. Patricio ouve, fica irritado e explode. [&hellip;]<\/p>\n","protected":false},"author":4,"featured_media":96552,"comment_status":"open","ping_status":"closed","sticky":false,"template":"","format":"standard","meta":{"tdm_status":"","tdm_grid_status":"","footnotes":""},"categories":[379,372,343],"tags":[441],"class_list":{"0":"post-100427","1":"post","2":"type-post","3":"status-publish","4":"format-standard","5":"has-post-thumbnail","7":"category-novelas","8":"category-sbt","9":"category-televisao","10":"tag-resumo-do-dia"},"_links":{"self":[{"href":"https:\/\/migracao.redenoticia.com.br\/noticia\/wp-json\/wp\/v2\/posts\/100427","targetHints":{"allow":["GET"]}}],"collection":[{"href":"https:\/\/migracao.redenoticia.com.br\/noticia\/wp-json\/wp\/v2\/posts"}],"about":[{"href":"https:\/\/migracao.redenoticia.com.br\/noticia\/wp-json\/wp\/v2\/types\/post"}],"author":[{"embeddable":true,"href":"https:\/\/migracao.redenoticia.com.br\/noticia\/wp-json\/wp\/v2\/users\/4"}],"replies":[{"embeddable":true,"href":"https:\/\/migracao.redenoticia.com.br\/noticia\/wp-json\/wp\/v2\/comments?post=100427"}],"version-history":[{"count":0,"href":"https:\/\/migracao.redenoticia.com.br\/noticia\/wp-json\/wp\/v2\/posts\/100427\/revisions"}],"wp:featuredmedia":[{"embeddable":true,"href":"https:\/\/migracao.redenoticia.com.br\/noticia\/wp-json\/wp\/v2\/media\/96552"}],"wp:attachment":[{"href":"https:\/\/migracao.redenoticia.com.br\/noticia\/wp-json\/wp\/v2\/media?parent=100427"}],"wp:term":[{"taxonomy":"category","embeddable":true,"href":"https:\/\/migracao.redenoticia.com.br\/noticia\/wp-json\/wp\/v2\/categories?post=100427"},{"taxonomy":"post_tag","embeddable":true,"href":"https:\/\/migracao.redenoticia.com.br\/noticia\/wp-json\/wp\/v2\/tags?post=100427"}],"curies":[{"name":"wp","href":"https:\/\/api.w.org\/{rel}","templated":true}]}}