{"id":100429,"date":"2016-11-23T16:53:05","date_gmt":"2016-11-23T18:53:05","guid":{"rendered":"http:\/\/www.redenoticia.com.br\/noticia\/?p=100429"},"modified":"2016-11-23T18:40:56","modified_gmt":"2016-11-23T20:40:56","slug":"novela-querida-inimiga-resumo-2411-omar-conta-que-e-filho-de-hortencia","status":"publish","type":"post","link":"https:\/\/migracao.redenoticia.com.br\/noticia\/2016\/novela-querida-inimiga-resumo-2411-omar-conta-que-e-filho-de-hortencia\/100429","title":{"rendered":"Novela \u201cQuerida Inimiga\u201d resumo 24\/11: Omar conta que \u00e9 filho de Hort\u00eancia"},"content":{"rendered":"<p><img loading=\"lazy\" decoding=\"async\" class=\"alignleft size-thumbnail wp-image-99744\" src=\"https:\/\/migracao.redenoticia.com.br\/noticia\/imagens\/querida_inimiga_resumo_novela_SBT-150x112.jpg\" alt=\"querida_inimiga_resumo_novela_sbt\" width=\"150\" height=\"112\" srcset=\"https:\/\/migracao.redenoticia.com.br\/noticia\/imagens\/querida_inimiga_resumo_novela_SBT-150x112.jpg 150w, https:\/\/migracao.redenoticia.com.br\/noticia\/imagens\/querida_inimiga_resumo_novela_SBT-265x198.jpg 265w\" sizes=\"auto, (max-width: 150px) 100vw, 150px\" \/><strong><em>Novela \u201cQuerida Inimiga\u201d resumo 24\/11<\/em><\/strong>: chega o dia do evento beneficente e Sara comenta com dona Hort\u00eancia que o sal\u00e3o est\u00e1 lotado. Alonso chega ao evento e Sara se irrita ao v\u00ea-lo com Lorena, que est\u00e1 deslumbrante e chama aten\u00e7\u00e3o entre os convidados. Alonso se sente orgulhoso. Enquanto isso, Sara se morde de inveja Lorena e jura para si mesma que vai lhe tirar toda sua fortuna, sua fam\u00edlia e seu namorado. Hort\u00eancia est\u00e1 feliz por que o evento foi um sucesso. Ela se desculpa com B\u00e1rbara e diz que n\u00e3o pode expulsar Lorena por que Alonso a levou. Omar conta para J\u00falio e Diana que Hort\u00eancia \u00e9 sua m\u00e3e. Os dois ficam surpresos e perguntam por que escondeu isso por tanto tempo. Zulema explica que Omar nunca disse nada porque sua sogra nunca a aceitou como esposa de seu filho. <\/p>\n<p>No cap\u00edtulo 007(*), novela \u201cQuerida Inimiga\u201d, quinta-feira, 24 de novembro \u2013 Lorena est\u00e1 deslumbrante e chama aten\u00e7\u00e3o entre os convidados. Alonso se sente orgulhoso a seu lado. J\u00falio pede Rose em namoro. Sara est\u00e1 se mordendo de inveja e jura para si mesma que vai lhe tirar toda sua fortuna, sua fam\u00edlia e seu namorado. Hort\u00eancia est\u00e1 feliz por que o evento foi um sucesso.<\/p>\n<p>Ela se desculpa com B\u00e1rbara e diz que n\u00e3o pode expulsar Lorena por que Alonso a levou. Omar conta para J\u00falio e Diana que Hort\u00eancia \u00e9 sua m\u00e3e. Os dois ficam surpresos e perguntam por que escondeu isso por tanto tempo. Zulema explica que Omar nunca disse nada porque sua sogra nunca a aceitou como esposa de seu filho. Alonso convida Lorena e Sara para tomar um sorvete.<\/p>\n<p>Ao presenciar o amor que existe entre Alonso e Lorena, ela d\u00e1 uma desculpa e vai embora. Maria diz a Rose que n\u00e3o est\u00e1 nada feliz com seu relacionamento com J\u00falio. Sara diz a Alonso que precisa tomar muito cuidado com Lorena, pois ela est\u00e1 sempre rodeada de homens.<\/p>\n<p>(*) edi\u00e7\u00e3o do SBT, Novela \u201cQuerida Inimiga\u201d, sujeito a altera\u00e7\u00e3o de data e conte\u00fado.<\/p>\n","protected":false},"excerpt":{"rendered":"<p>Novela \u201cQuerida Inimiga\u201d resumo 24\/11: chega o dia do evento beneficente e Sara comenta com dona Hort\u00eancia que o sal\u00e3o est\u00e1 lotado. Alonso chega ao evento e Sara se irrita ao v\u00ea-lo com Lorena, que est\u00e1 deslumbrante e chama aten\u00e7\u00e3o entre os convidados. Alonso se sente orgulhoso. Enquanto isso, Sara se morde de inveja Lorena [&hellip;]<\/p>\n","protected":false},"author":4,"featured_media":99744,"comment_status":"open","ping_status":"closed","sticky":false,"template":"","format":"standard","meta":{"tdm_status":"","tdm_grid_status":"","footnotes":""},"categories":[379,372,343],"tags":[441],"class_list":{"0":"post-100429","1":"post","2":"type-post","3":"status-publish","4":"format-standard","5":"has-post-thumbnail","7":"category-novelas","8":"category-sbt","9":"category-televisao","10":"tag-resumo-do-dia"},"_links":{"self":[{"href":"https:\/\/migracao.redenoticia.com.br\/noticia\/wp-json\/wp\/v2\/posts\/100429","targetHints":{"allow":["GET"]}}],"collection":[{"href":"https:\/\/migracao.redenoticia.com.br\/noticia\/wp-json\/wp\/v2\/posts"}],"about":[{"href":"https:\/\/migracao.redenoticia.com.br\/noticia\/wp-json\/wp\/v2\/types\/post"}],"author":[{"embeddable":true,"href":"https:\/\/migracao.redenoticia.com.br\/noticia\/wp-json\/wp\/v2\/users\/4"}],"replies":[{"embeddable":true,"href":"https:\/\/migracao.redenoticia.com.br\/noticia\/wp-json\/wp\/v2\/comments?post=100429"}],"version-history":[{"count":0,"href":"https:\/\/migracao.redenoticia.com.br\/noticia\/wp-json\/wp\/v2\/posts\/100429\/revisions"}],"wp:featuredmedia":[{"embeddable":true,"href":"https:\/\/migracao.redenoticia.com.br\/noticia\/wp-json\/wp\/v2\/media\/99744"}],"wp:attachment":[{"href":"https:\/\/migracao.redenoticia.com.br\/noticia\/wp-json\/wp\/v2\/media?parent=100429"}],"wp:term":[{"taxonomy":"category","embeddable":true,"href":"https:\/\/migracao.redenoticia.com.br\/noticia\/wp-json\/wp\/v2\/categories?post=100429"},{"taxonomy":"post_tag","embeddable":true,"href":"https:\/\/migracao.redenoticia.com.br\/noticia\/wp-json\/wp\/v2\/tags?post=100429"}],"curies":[{"name":"wp","href":"https:\/\/api.w.org\/{rel}","templated":true}]}}