{"id":100510,"date":"2016-11-25T06:38:40","date_gmt":"2016-11-25T08:38:40","guid":{"rendered":"http:\/\/www.redenoticia.com.br\/noticia\/?p=100510"},"modified":"2016-11-24T10:39:56","modified_gmt":"2016-11-24T12:39:56","slug":"combate-ao-aedes-aegypti-mobiliza-360-cidades-paulistas","status":"publish","type":"post","link":"https:\/\/migracao.redenoticia.com.br\/noticia\/2016\/combate-ao-aedes-aegypti-mobiliza-360-cidades-paulistas\/100510","title":{"rendered":"Combate ao Aedes aegypti mobiliza 360 cidades paulistas"},"content":{"rendered":"<p> Com a chegada do per\u00edodo de chuvas, vem tamb\u00e9m a necessidade de intensificar o combate ao mosquito <strong><em>Aedes aegypti<\/em><\/strong> e a preven\u00e7\u00e3o de doen\u00e7as como dengue, chikungunya e zika v\u00edrus no Estado de S\u00e3o Paulo. No s\u00e1bado (19), come\u00e7ou o &#8220;Dia D&#8221; de combate ao mosquito, em a\u00e7\u00e3o que mobilizou mais de 25 mil agentes de 360 cidades paulistas na varredura de focos e elimina\u00e7\u00e3o de criadouros em im\u00f3veis p\u00fablicos, privados e baldios.<\/p>\n<p>Desde de janeiro, mais de 38,7 milh\u00f5es de im\u00f3veis em todo o Estado j\u00e1 foram visitados por agentes de sa\u00fade para elimina\u00e7\u00e3o de poss\u00edveis focos do mosquito.<\/p>\n<p>Queda nos casos de dengue<br \/>\nUm balan\u00e7o realizado pela Secretaria da Sa\u00fade aponta que o n\u00famero de casos de dengue caiu 76% este ano, em compara\u00e7\u00e3o com 2015. At\u00e9 o \u00faltimo dia 4 de novembro, foram confirmados 159.412 casos da doen\u00e7a do Estado. Em 2015, o n\u00famero de total de casos foi de 684.360.<\/p>\n<p>Comparado ao n\u00famero de \u00f3bitos, a diminui\u00e7\u00e3o foi ainda maior, passando de 488 em 2015 para 93 este ano, o que representa uma queda de 81%.<\/p>\n<p>#SPContraoAedes<\/p>\n<p>Do Portal do Governo do Estado SP<\/p>\n","protected":false},"excerpt":{"rendered":"<p>Com a chegada do per\u00edodo de chuvas, vem tamb\u00e9m a necessidade de intensificar o combate ao mosquito Aedes aegypti e a preven\u00e7\u00e3o de doen\u00e7as como dengue, chikungunya e zika v\u00edrus no Estado de S\u00e3o Paulo. No s\u00e1bado (19), come\u00e7ou o &#8220;Dia D&#8221; de combate ao mosquito, em a\u00e7\u00e3o que mobilizou mais de 25 mil agentes [&hellip;]<\/p>\n","protected":false},"author":2,"featured_media":40847,"comment_status":"open","ping_status":"closed","sticky":false,"template":"","format":"standard","meta":{"tdm_status":"","tdm_grid_status":"","footnotes":""},"categories":[22,5],"tags":[],"class_list":{"0":"post-100510","1":"post","2":"type-post","3":"status-publish","4":"format-standard","5":"has-post-thumbnail","7":"category-brasil","8":"category-saude-e-vida"},"_links":{"self":[{"href":"https:\/\/migracao.redenoticia.com.br\/noticia\/wp-json\/wp\/v2\/posts\/100510","targetHints":{"allow":["GET"]}}],"collection":[{"href":"https:\/\/migracao.redenoticia.com.br\/noticia\/wp-json\/wp\/v2\/posts"}],"about":[{"href":"https:\/\/migracao.redenoticia.com.br\/noticia\/wp-json\/wp\/v2\/types\/post"}],"author":[{"embeddable":true,"href":"https:\/\/migracao.redenoticia.com.br\/noticia\/wp-json\/wp\/v2\/users\/2"}],"replies":[{"embeddable":true,"href":"https:\/\/migracao.redenoticia.com.br\/noticia\/wp-json\/wp\/v2\/comments?post=100510"}],"version-history":[{"count":0,"href":"https:\/\/migracao.redenoticia.com.br\/noticia\/wp-json\/wp\/v2\/posts\/100510\/revisions"}],"wp:featuredmedia":[{"embeddable":true,"href":"https:\/\/migracao.redenoticia.com.br\/noticia\/wp-json\/wp\/v2\/media\/40847"}],"wp:attachment":[{"href":"https:\/\/migracao.redenoticia.com.br\/noticia\/wp-json\/wp\/v2\/media?parent=100510"}],"wp:term":[{"taxonomy":"category","embeddable":true,"href":"https:\/\/migracao.redenoticia.com.br\/noticia\/wp-json\/wp\/v2\/categories?post=100510"},{"taxonomy":"post_tag","embeddable":true,"href":"https:\/\/migracao.redenoticia.com.br\/noticia\/wp-json\/wp\/v2\/tags?post=100510"}],"curies":[{"name":"wp","href":"https:\/\/api.w.org\/{rel}","templated":true}]}}