{"id":100526,"date":"2016-11-24T19:50:12","date_gmt":"2016-11-24T21:50:12","guid":{"rendered":"http:\/\/www.redenoticia.com.br\/noticia\/?p=100526"},"modified":"2016-11-24T19:23:44","modified_gmt":"2016-11-24T21:23:44","slug":"novela-rock-story-resumo-2511-leo-e-hostilizado-pelas-fas","status":"publish","type":"post","link":"https:\/\/migracao.redenoticia.com.br\/noticia\/2016\/novela-rock-story-resumo-2511-leo-e-hostilizado-pelas-fas\/100526","title":{"rendered":"Novela \u201cRock Story\u201d resumo 25\/11: L\u00e9o \u00e9 hostilizado pelas f\u00e3s"},"content":{"rendered":"<p><img loading=\"lazy\" decoding=\"async\" class=\"alignleft size-thumbnail wp-image-97429\" src=\"https:\/\/migracao.redenoticia.com.br\/noticia\/imagens\/logo_rock_story-150x112.jpg\" alt=\"logo_rock_story\" width=\"150\" height=\"112\" srcset=\"https:\/\/migracao.redenoticia.com.br\/noticia\/imagens\/logo_rock_story-150x112.jpg 150w, https:\/\/migracao.redenoticia.com.br\/noticia\/imagens\/logo_rock_story-265x198.jpg 265w\" sizes=\"auto, (max-width: 150px) 100vw, 150px\" \/><strong><em>Novela \u201cRock Story\u201d resumo 25\/11<\/em><\/strong>:\u00a0L\u00e9o R\u00e9gis ganha o pr\u00eamio de Melhor Int\u00e9rprete do ano no Pr\u00eamio Melhores da M\u00fasica e, durante seu discurso, chama Diana ao palco. Ele faz uma declara\u00e7\u00e3o de amor e lhe d\u00e1 o maior beij\u00e3o na frente de todos. A comemora\u00e7\u00e3o do casal se estende durante toda a noite. L\u00e9o\u00a0leva Diana\u00a0em casa e eles trocam beijos na sala dela. De repente,\u00a0Chiara entra e leva um susto ao ver a m\u00e3e com o cantor. Chiara se incomoda com a proximidade de L\u00e9o e Diana percebe. J\u00e1 L\u00e9o \u00e9 hostilizado por suas f\u00e3s na porta de casa e N\u00e9ia combina com L\u00e1zaro de separar Diana de L\u00e9o. <\/p>\n<p>No cap\u00edtulo 015(*), novela \u201cRock Story\u201d, sexta-feira, 25 de novembro \u2013 Chiara se incomoda com a proximidade de L\u00e9o e Diana percebe. Daniel leva Gui para a terapia. L\u00e9o \u00e9 hostilizado por suas f\u00e3s na porta de casa. N\u00e9ia combina com L\u00e1zaro de separar Diana de L\u00e9o. Gordo decide aceitar as sugest\u00f5es da filha para salvar a gravadora.<\/p>\n<p>Eva se interessa pela hist\u00f3ria de Gui. L\u00e9o tenta escrever uma m\u00fasica para Diana. Roberto convida Nicolau para participar de um grupo de apoio coordenado por ele. Zuleica v\u00ea Ja\u00edlson amea\u00e7ar Zac. J\u00falia conta para Edith como foi sua conversa com Gui. Zac descobre que o rel\u00f3gio de seu pai sumiu.<\/p>\n<p>Zuleica decide contar para Gui que viu Zac ser amea\u00e7ado. J\u00falia observa Alex conversando com uma menina. L\u00e1zaro manda Ramon seguir Zac. Gui descobre que n\u00e3o poder\u00e1 gravar seu CD. Gui ajuda Zac a se livrar de Ja\u00edlson. J\u00falia tenta se aproximar de Beatriz.<\/p>\n<p>(*) edi\u00e7\u00e3o da Rede Globo, Novela \u201cRock Story\u201d, sujeito a altera\u00e7\u00e3o de data e conte\u00fado.<\/p>\n","protected":false},"excerpt":{"rendered":"<p>Novela \u201cRock Story\u201d resumo 25\/11:\u00a0L\u00e9o R\u00e9gis ganha o pr\u00eamio de Melhor Int\u00e9rprete do ano no Pr\u00eamio Melhores da M\u00fasica e, durante seu discurso, chama Diana ao palco. Ele faz uma declara\u00e7\u00e3o de amor e lhe d\u00e1 o maior beij\u00e3o na frente de todos. A comemora\u00e7\u00e3o do casal se estende durante toda a noite. L\u00e9o\u00a0leva Diana\u00a0em [&hellip;]<\/p>\n","protected":false},"author":4,"featured_media":97429,"comment_status":"open","ping_status":"closed","sticky":false,"template":"","format":"standard","meta":{"tdm_status":"","tdm_grid_status":"","footnotes":""},"categories":[379,375,343],"tags":[441],"class_list":{"0":"post-100526","1":"post","2":"type-post","3":"status-publish","4":"format-standard","5":"has-post-thumbnail","7":"category-novelas","8":"category-rede-globo","9":"category-televisao","10":"tag-resumo-do-dia"},"_links":{"self":[{"href":"https:\/\/migracao.redenoticia.com.br\/noticia\/wp-json\/wp\/v2\/posts\/100526","targetHints":{"allow":["GET"]}}],"collection":[{"href":"https:\/\/migracao.redenoticia.com.br\/noticia\/wp-json\/wp\/v2\/posts"}],"about":[{"href":"https:\/\/migracao.redenoticia.com.br\/noticia\/wp-json\/wp\/v2\/types\/post"}],"author":[{"embeddable":true,"href":"https:\/\/migracao.redenoticia.com.br\/noticia\/wp-json\/wp\/v2\/users\/4"}],"replies":[{"embeddable":true,"href":"https:\/\/migracao.redenoticia.com.br\/noticia\/wp-json\/wp\/v2\/comments?post=100526"}],"version-history":[{"count":0,"href":"https:\/\/migracao.redenoticia.com.br\/noticia\/wp-json\/wp\/v2\/posts\/100526\/revisions"}],"wp:featuredmedia":[{"embeddable":true,"href":"https:\/\/migracao.redenoticia.com.br\/noticia\/wp-json\/wp\/v2\/media\/97429"}],"wp:attachment":[{"href":"https:\/\/migracao.redenoticia.com.br\/noticia\/wp-json\/wp\/v2\/media?parent=100526"}],"wp:term":[{"taxonomy":"category","embeddable":true,"href":"https:\/\/migracao.redenoticia.com.br\/noticia\/wp-json\/wp\/v2\/categories?post=100526"},{"taxonomy":"post_tag","embeddable":true,"href":"https:\/\/migracao.redenoticia.com.br\/noticia\/wp-json\/wp\/v2\/tags?post=100526"}],"curies":[{"name":"wp","href":"https:\/\/api.w.org\/{rel}","templated":true}]}}