{"id":100528,"date":"2016-11-24T18:25:18","date_gmt":"2016-11-24T20:25:18","guid":{"rendered":"http:\/\/www.redenoticia.com.br\/noticia\/?p=100528"},"modified":"2016-11-24T19:20:54","modified_gmt":"2016-11-24T21:20:54","slug":"novela-sol-nascente-resumo-2511-alice-investiga-explosao-das-traineiras","status":"publish","type":"post","link":"https:\/\/migracao.redenoticia.com.br\/noticia\/2016\/novela-sol-nascente-resumo-2511-alice-investiga-explosao-das-traineiras\/100528","title":{"rendered":"Novela \u201cSol Nascente\u201d resumo 25\/11: Alice investiga explos\u00e3o das traineiras"},"content":{"rendered":"<p><img loading=\"lazy\" decoding=\"async\" class=\"alignleft size-thumbnail wp-image-91714\" src=\"https:\/\/migracao.redenoticia.com.br\/noticia\/imagens\/sol_nascente_resumo_novela_globo-150x112.jpg\" alt=\"sol_nascente_resumo_novela_globo\" width=\"150\" height=\"112\" srcset=\"https:\/\/migracao.redenoticia.com.br\/noticia\/imagens\/sol_nascente_resumo_novela_globo-150x112.jpg 150w, https:\/\/migracao.redenoticia.com.br\/noticia\/imagens\/sol_nascente_resumo_novela_globo-265x198.jpg 265w\" sizes=\"auto, (max-width: 150px) 100vw, 150px\" \/><strong><em>Novela \u201cSol Nascente\u201d resumo 25\/11<\/em><\/strong>:\u00a0Alice tem uma nova lembran\u00e7a da explos\u00e3o e chama Wagner para conversar. Wagner n\u00e3o consegue tirar da cabe\u00e7a a amea\u00e7a de C\u00e9sar contra sua fam\u00edlia, caso ele n\u00e3o consiga fazer Alice desistir de investigar a explos\u00e3o, e fica aflito quando a patroa o chama. Na conversa, Alice estranha o nervosismo de Wagner e este diz que n\u00e3o est\u00e1 nervoso, mas sim, com muito servi\u00e7o. Sem conseguir ser muito convincente, Wagner insiste para que Alice desista de investigar uma poss\u00edvel explos\u00e3o criminosa. Ent\u00e3o, Alice pede para Patrick ajud\u00e1-la em sua investiga\u00e7\u00e3o, enquanto Wagner observa Cesar, Jo\u00e3o Amaro e Massao.<\/p>\n<p>No cap\u00edtulo 076(*), novela \u201cSol Nascente\u201d, sexta-feira, 25 de novembro \u2013 Cesar finge n\u00e3o reconhecer Massao. Damasceno tenta falar com Jo\u00e3o Amaro sobre sua investiga\u00e7\u00e3o. Cesar afirma a Paula que Sirlene \u00e9 uma grande amiga. Alice tem uma lembran\u00e7a da explos\u00e3o.<\/p>\n<p>Jo\u00e3o Amaro avisa a Mano que Massao n\u00e3o ser\u00e1 eliminado. Massao fica encantado com Milena. Carolina implica com Paula. Jo\u00e3o Amaro pergunta a Cesar o que deve fazer com Massao e Damasceno. Alice pede para Patrick ajud\u00e1-la em sua investiga\u00e7\u00e3o. Wagner observa Cesar, Jo\u00e3o Amaro e Massao.<\/p>\n<p>Mario dorme com Alice. Milena beija Mano para provocar Ralf. Lenita questiona o irm\u00e3o sobre seu envolvimento com Milena.\u00a0Tiago\u00a0fica triste ao saber que Yumi viajou. Cesar compra uma moto de Mario. Damasceno mostra a foto de Massao para Tanaka, que o reconhece.\u00a0Cesar\u00a0alerta Massao antes de a Pol\u00edcia invadir o galp\u00e3o.<\/p>\n<p>(*) edi\u00e7\u00e3o da Rede Globo, Novela \u201cSol Nascente\u201d, sujeito a altera\u00e7\u00e3o de data e conte\u00fado.<\/p>\n","protected":false},"excerpt":{"rendered":"<p>Novela \u201cSol Nascente\u201d resumo 25\/11:\u00a0Alice tem uma nova lembran\u00e7a da explos\u00e3o e chama Wagner para conversar. Wagner n\u00e3o consegue tirar da cabe\u00e7a a amea\u00e7a de C\u00e9sar contra sua fam\u00edlia, caso ele n\u00e3o consiga fazer Alice desistir de investigar a explos\u00e3o, e fica aflito quando a patroa o chama. Na conversa, Alice estranha o nervosismo de [&hellip;]<\/p>\n","protected":false},"author":4,"featured_media":91714,"comment_status":"open","ping_status":"closed","sticky":false,"template":"","format":"standard","meta":{"tdm_status":"","tdm_grid_status":"","footnotes":""},"categories":[379,375,343],"tags":[441],"class_list":{"0":"post-100528","1":"post","2":"type-post","3":"status-publish","4":"format-standard","5":"has-post-thumbnail","7":"category-novelas","8":"category-rede-globo","9":"category-televisao","10":"tag-resumo-do-dia"},"_links":{"self":[{"href":"https:\/\/migracao.redenoticia.com.br\/noticia\/wp-json\/wp\/v2\/posts\/100528","targetHints":{"allow":["GET"]}}],"collection":[{"href":"https:\/\/migracao.redenoticia.com.br\/noticia\/wp-json\/wp\/v2\/posts"}],"about":[{"href":"https:\/\/migracao.redenoticia.com.br\/noticia\/wp-json\/wp\/v2\/types\/post"}],"author":[{"embeddable":true,"href":"https:\/\/migracao.redenoticia.com.br\/noticia\/wp-json\/wp\/v2\/users\/4"}],"replies":[{"embeddable":true,"href":"https:\/\/migracao.redenoticia.com.br\/noticia\/wp-json\/wp\/v2\/comments?post=100528"}],"version-history":[{"count":0,"href":"https:\/\/migracao.redenoticia.com.br\/noticia\/wp-json\/wp\/v2\/posts\/100528\/revisions"}],"wp:featuredmedia":[{"embeddable":true,"href":"https:\/\/migracao.redenoticia.com.br\/noticia\/wp-json\/wp\/v2\/media\/91714"}],"wp:attachment":[{"href":"https:\/\/migracao.redenoticia.com.br\/noticia\/wp-json\/wp\/v2\/media?parent=100528"}],"wp:term":[{"taxonomy":"category","embeddable":true,"href":"https:\/\/migracao.redenoticia.com.br\/noticia\/wp-json\/wp\/v2\/categories?post=100528"},{"taxonomy":"post_tag","embeddable":true,"href":"https:\/\/migracao.redenoticia.com.br\/noticia\/wp-json\/wp\/v2\/tags?post=100528"}],"curies":[{"name":"wp","href":"https:\/\/api.w.org\/{rel}","templated":true}]}}