{"id":100535,"date":"2016-11-24T20:25:57","date_gmt":"2016-11-24T22:25:57","guid":{"rendered":"http:\/\/www.redenoticia.com.br\/noticia\/?p=100535"},"modified":"2016-11-24T19:33:35","modified_gmt":"2016-11-24T21:33:35","slug":"novela-chiquititas-resumo-2511-jose-ricardo-fica-com-o-pingente-de-mili","status":"publish","type":"post","link":"https:\/\/migracao.redenoticia.com.br\/noticia\/2016\/novela-chiquititas-resumo-2511-jose-ricardo-fica-com-o-pingente-de-mili\/100535","title":{"rendered":"Novela \u201cChiquititas\u201d resumo 25\/11: Jos\u00e9 Ricardo fica com o pingente de Mili"},"content":{"rendered":"<p><img loading=\"lazy\" decoding=\"async\" class=\"alignleft size-thumbnail wp-image-49690\" src=\"https:\/\/migracao.redenoticia.com.br\/noticia\/imagens\/chiquititas1-150x112.jpg\" alt=\"chiquititas\" width=\"150\" height=\"112\" \/><strong><em>Novela \u201cChiquititas\u201d resumo 25\/11<\/em><\/strong>:\u00a0Junior leva Mili para a mans\u00e3o da fam\u00edlia Almeida Campos e, ao chegarem, se deparam com Jos\u00e9 Ricardo. Sem fazer quest\u00e3o de ser agrad\u00e1vel, o empres\u00e1rio pergunta ao filho o motivo de ele ter levado \u00e0 \u00f3rf\u00e3. Junior n\u00e3o gosta da recep\u00e7\u00e3o, pede que ele seja mais educado e fala que a presen\u00e7a de Mili faz bem a Gabi. J\u00fanior pede para que Mili v\u00e1 ao quarto de Gabi, pois Valentina lhe espera. Ao ver Mili, Gabi fica feliz. A \u00f3rf\u00e3 mostra a mo\u00e7a o livro que ganhou de Mosca. Valentina deixa as duas a s\u00f3s. Mili escolhe uma hist\u00f3ria e come\u00e7a ler o conto. Gabi observa o pingente de Mili e a garota diz que foi Sofia que lhe deu. Junior entra no quarto e diz a Mili que eles precisam ir embora. Mili se despede da mo\u00e7a e, ao sa\u00edrem do quarto, Gabi nota que a joia de Mili ficou ca\u00edda no ch\u00e3o. Junior avisa ao pai que vai levar a pequenina para o orfanato e pergunta se o empres\u00e1rio sabe onde est\u00e1 Valentina para ficar com Gabi. Sem pensar, Mili fala a Jos\u00e9 Ricardo se ele n\u00e3o pode ficar com a filha enquanto a governanta prepara o almo\u00e7o. O empres\u00e1rio diz \u00e0 garota que ele sabe cuidar da filha. Ele entra no quarto de Gabi e percebe que sua filha est\u00e1 a segurar o pingente de Mili. Gabi tenta esconder, mas o empres\u00e1rio consegue pegar a joia. A mo\u00e7a fica atordoada com a atitude do pai. No mesmo momento, Valentina entra no quarto, Jos\u00e9 Ricardo guarda a corrente em seu bolso e sai do quarto. <\/p>\n<p>No cap\u00edtulo 055(*), novela \u201cChiquititas\u201d, sexta-feira, 25 de novembro \u2013 Chico e Ernestina se irritam com as novas regras do orfanato. Irritados, eles dizem que Sofia faz falta. Carmen explica para os pequeninos como se portar na hora das refei\u00e7\u00f5es. Chico serve a comida e as crian\u00e7as estranham a apar\u00eancia do alimento. Ao experimentar o risoto, Carmen reclama para Chico e diz que a comida est\u00e1 detest\u00e1vel. Mili n\u00e3o gosta de ver a nova diretora destratar o cozinheiro e lhe defende. No Caf\u00e9 Boutique, Clarita diz para Beto que se ele quer voltar com ela, s\u00f3 namorando. No dia seguinte, Junior leva Mili para a mans\u00e3o da fam\u00edlia Almeida Campos. Ao chegarem, o rapaz e a pequenina se deparam com Jos\u00e9 Ricardo. Sem fazer quest\u00e3o de ser agrad\u00e1vel, o empres\u00e1rio pergunta ao filho o motivo de ele ter levado \u00e0 \u00f3rf\u00e3. Junior n\u00e3o gosta da recep\u00e7\u00e3o e pede para que ele seja mais educado. Jos\u00e9 Ricardo diz que eles dois j\u00e1 conversaram sobre o assunto. Junior fala ao empres\u00e1rio que a presen\u00e7a de Mili faz bem a Gabi. O rapaz pede \u00e0 \u00f3rf\u00e3 que v\u00e1 ao quarto de Gabi, pois Valentina lhe espera. Ao ficar sozinho com o pai, Junior n\u00e3o entende o motivo da irrita\u00e7\u00e3o. Jos\u00e9 Ricardo pede para que o filho n\u00e3o traga Mili e nenhuma crian\u00e7a do orfanato em sua casa. Ao ver Mili, Gabi fica feliz. A \u00f3rf\u00e3 mostra a mo\u00e7a o livro que ganhou de Mosca. Valentina deixa as duas a s\u00f3s. Mili escolhe uma hist\u00f3ria e come\u00e7a ler o conto para Gabi. No Caf\u00e9 Boutique, Maria Cec\u00edlia, Tobias, Beto e Clarita combinam a melhor forma de enganar Eduarda em rela\u00e7\u00e3o ao barista. Maria Cec\u00edlia fala que ser\u00e1 dif\u00edcil enganar a m\u00e3e pelo fato de Tobias ser barista do Caf\u00e9. Os quatro pensam em uma maneira de fazer com que Tobias parece outro homem. No orfanato, as crian\u00e7as conversam sobre Carmen. Mosca diz que n\u00e3o aguenta mais viver com as normas da bruxa.<\/p>\n<p>Ernestina mostra aos \u00f3rf\u00e3os uma tabela com dias e hor\u00e1rios de atividades que Carmen separou. Na casa da fam\u00edlia Almeida Campos, Gabi observa o pingente de Mili. A garota diz que foi Sofia lhe deu. Junior entra no quarto e diz a Mili que eles precisam ir embora. Mili se despede da mo\u00e7a. Ao sa\u00edrem do quarto, Gabi nota que a joia de Mili ficou ca\u00edda no ch\u00e3o. Junior avisa ao pai que ir\u00e1 levar a pequenina para o orfanato e pergunta se o empres\u00e1rio sabe onde est\u00e1 Valentina para ficar com Gabi. Sem pensar, Mili fala a Jos\u00e9 Ricardo se ele n\u00e3o pode ficar com a filha enquanto a governanta prepara o almo\u00e7o. O empres\u00e1rio diz \u00e0 garota que ele sabe cuidar da filha. Jos\u00e9 Ricardo entra no quarto de Gabi e percebe que sua filha est\u00e1 segurando o pingente de Mili. Gabi tenta esconder, mas o empres\u00e1rio consegue pegar a joia. A mo\u00e7a fica atordoada com a atitude do pai. No mesmo momento, Valentina entra no quarto, Jos\u00e9 Ricardo guarda a corrente em seu bolso e sai do quarto. No orfanato, as crian\u00e7as contam para Carol sobre os hor\u00e1rios e atividades que Carmen ordenou. Junior e Mili chegam ao lugar. O rapaz percebe que as crian\u00e7as est\u00e3o desanimadas e n\u00e3o acredita ao ver o quadro de regras. Inconformada, Junior vai \u00e0 sala de Carmen. O rapaz fala \u00e0 tia que ela exagera com os pequeninos. A megera diz que sabe o que faz e que a pessoa que foi acus\u00e1-la foi injusta. Maria Cec\u00edlia leva Tobias para fazer compras. No orfanato, Carmen da aula de m\u00fasica as crian\u00e7as. A primeira m\u00fasica que a megera ensina para os \u00f3rf\u00e3os \u00e9 o Hino Nacional. No meio da can\u00e7\u00e3o, Binho erra a letra. A megera culpa Rafa e faz o garoto cantar para ela. Ao perceber que o pequenino acertou a letra, a nova diretora volta para o piano e da continuidade a m\u00fasica. Ao voltarem a cantar, todas as crian\u00e7as cantam errado e a vil\u00e3 se desespera. Na cozinha, Carol e Chico escutam as gritarias da megera. A ajudante diz ao cozinheiro que as crian\u00e7as est\u00e3o sofrendo na m\u00e3o de Carmen. Chico concorda e diz a Carol que a nova diretora lhe passou um novo card\u00e1pio que as crian\u00e7as v\u00e3o detestar.<\/p>\n<p>A ajudante aconselha o cozinheiro a explicar para a vil\u00e3 que ele far\u00e1 as comidas da maneira dele, mas de uma forma saud\u00e1vel. Chico diz que ir\u00e1 tomar coragem e conversar com Carmen. Na sala, as crian\u00e7as continuam a cantar. No meio da m\u00fasica, Binho, Pata e Bia tem uma crise de tosse. Carmen briga com os pequeninos e os manda para o banho. A vil\u00e3 pergunta a Ernestina se ela sabe quem falou com Junior sobre suas atitudes no orfanato. A zeladora acusa Carol e lembra que ela \u00e9 namorada do rapaz. Carmen se espanta ao saber da not\u00edcia. No quarto, Mili percebe que perdeu a corrente com o pingente. As meninas ajudam a procurar, mas n\u00e3o acham. Na cozinha, Ernestina fala a Carol que Carmen quer conversar com ela. Carmen chama Carol de c\u00ednica e diz que a mo\u00e7a quer colocar Junior contra ela. Sem entender, Carol a questiona. Carmen diz que a ajudante reclamou de sua gest\u00e3o como diretora para Junior. Carol confessa que falou com o namorado, mas diz que apenas contou que n\u00e3o concorda com algumas atitudes. Carol diz que Carmen \u00e9 uma pessoa dif\u00edcil de lidar. A vil\u00e3 diz que ela est\u00e1 em sua lista negra e se isso voltar a acontecer ela ser\u00e1 demitida.<\/p>\n<p>(*) edi\u00e7\u00e3o do SBT, Novela \u201cChiquititas\u201d, sujeito a altera\u00e7\u00e3o de data e conte\u00fado.<\/p>\n","protected":false},"excerpt":{"rendered":"<p>Novela \u201cChiquititas\u201d resumo 25\/11:\u00a0Junior leva Mili para a mans\u00e3o da fam\u00edlia Almeida Campos e, ao chegarem, se deparam com Jos\u00e9 Ricardo. Sem fazer quest\u00e3o de ser agrad\u00e1vel, o empres\u00e1rio pergunta ao filho o motivo de ele ter levado \u00e0 \u00f3rf\u00e3. Junior n\u00e3o gosta da recep\u00e7\u00e3o, pede que ele seja mais educado e fala que a [&hellip;]<\/p>\n","protected":false},"author":4,"featured_media":49690,"comment_status":"open","ping_status":"closed","sticky":false,"template":"","format":"standard","meta":{"tdm_status":"","tdm_grid_status":"","footnotes":""},"categories":[409,379,372,343],"tags":[441],"class_list":{"0":"post-100535","1":"post","2":"type-post","3":"status-publish","4":"format-standard","5":"has-post-thumbnail","7":"category-chiquititas","8":"category-novelas","9":"category-sbt","10":"category-televisao","11":"tag-resumo-do-dia"},"_links":{"self":[{"href":"https:\/\/migracao.redenoticia.com.br\/noticia\/wp-json\/wp\/v2\/posts\/100535","targetHints":{"allow":["GET"]}}],"collection":[{"href":"https:\/\/migracao.redenoticia.com.br\/noticia\/wp-json\/wp\/v2\/posts"}],"about":[{"href":"https:\/\/migracao.redenoticia.com.br\/noticia\/wp-json\/wp\/v2\/types\/post"}],"author":[{"embeddable":true,"href":"https:\/\/migracao.redenoticia.com.br\/noticia\/wp-json\/wp\/v2\/users\/4"}],"replies":[{"embeddable":true,"href":"https:\/\/migracao.redenoticia.com.br\/noticia\/wp-json\/wp\/v2\/comments?post=100535"}],"version-history":[{"count":0,"href":"https:\/\/migracao.redenoticia.com.br\/noticia\/wp-json\/wp\/v2\/posts\/100535\/revisions"}],"wp:featuredmedia":[{"embeddable":true,"href":"https:\/\/migracao.redenoticia.com.br\/noticia\/wp-json\/wp\/v2\/media\/49690"}],"wp:attachment":[{"href":"https:\/\/migracao.redenoticia.com.br\/noticia\/wp-json\/wp\/v2\/media?parent=100535"}],"wp:term":[{"taxonomy":"category","embeddable":true,"href":"https:\/\/migracao.redenoticia.com.br\/noticia\/wp-json\/wp\/v2\/categories?post=100535"},{"taxonomy":"post_tag","embeddable":true,"href":"https:\/\/migracao.redenoticia.com.br\/noticia\/wp-json\/wp\/v2\/tags?post=100535"}],"curies":[{"name":"wp","href":"https:\/\/api.w.org\/{rel}","templated":true}]}}