{"id":100537,"date":"2016-11-24T19:55:13","date_gmt":"2016-11-24T21:55:13","guid":{"rendered":"http:\/\/www.redenoticia.com.br\/noticia\/?p=100537"},"modified":"2016-11-24T19:25:57","modified_gmt":"2016-11-24T21:25:57","slug":"novela-cumplices-de-um-resgate-resumo-2511-mauricio-e-desmascarado","status":"publish","type":"post","link":"https:\/\/migracao.redenoticia.com.br\/noticia\/2016\/novela-cumplices-de-um-resgate-resumo-2511-mauricio-e-desmascarado\/100537","title":{"rendered":"Novela \u201cC\u00famplices de um Resgate\u201d resumo 25\/11: Maur\u00edcio \u00e9 desmascarado"},"content":{"rendered":"<p><img loading=\"lazy\" decoding=\"async\" class=\"alignleft size-thumbnail wp-image-71351\" src=\"https:\/\/migracao.redenoticia.com.br\/noticia\/imagens\/cumplices_de_um_resgate_sbt_novela_resumo-150x112.jpg\" alt=\"cumplices_de_um_resgate_sbt_novela_resumo\" width=\"150\" height=\"112\" srcset=\"https:\/\/migracao.redenoticia.com.br\/noticia\/imagens\/cumplices_de_um_resgate_sbt_novela_resumo-150x112.jpg 150w, https:\/\/migracao.redenoticia.com.br\/noticia\/imagens\/cumplices_de_um_resgate_sbt_novela_resumo-265x198.jpg 265w\" sizes=\"auto, (max-width: 150px) 100vw, 150px\" \/><strong><em>Novela \u201cC\u00famplices de um Resgate\u201d resumo 25\/11<\/em><\/strong>: ao passar pela igreja evang\u00e9lica, T\u00e9o escuta uma conversa entre Maur\u00edcio e Geraldo sobre o totem. T\u00e9o conta o que ouviu para Isabela, Mateus e D\u00f3ris. As crian\u00e7as v\u00e3o at\u00e9 a Igreja para investigar. Com a ajuda de Manteiguinha, que est\u00e1 a farejar, elas encontram o totem enterrado em baixo de um vaso. Maur\u00edcio chega e v\u00ea que as crian\u00e7as descobriram seu esconderijo. Enquanto isso, Otavio vai at\u00e9 a delegacia e descobre que Maur\u00edcio visitou Geraldo e que o detento fugiu logo em seguida. Otavio corre para a casa de Rebeca e diz que Maur\u00edcio tem liga\u00e7\u00e3o com Geraldo. Maur\u00edcio tranca a igreja e diz que ningu\u00e9m sai enquanto n\u00e3o devolverem o totem. Ele revela que n\u00e3o \u00e9 pastor e que s\u00f3 voltou a aparecer por interesse, diz tamb\u00e9m que foi ele quem fez com que as g\u00eameas fossem separadas na maternidade. Neste instante, Rebeca e Otavio chegam \u00e0 igreja e notam que est\u00e1 trancada. Otavio quebra a porta e liberta as crian\u00e7as. Ot\u00e1vio e Mauricio brigam aos socos, mas o vil\u00e3o consegue fugir. Mais tarde, Manuela pede desculpas a Isabela por n\u00e3o ter acreditado nela.<\/p>\n<p>No cap\u00edtulo 345(*), novela \u201cC\u00famplice de um Resgate\u201d, sexta-feira, 25 de novembro \u2013 Priscila conta para sua banda o que aconteceu na pra\u00e7a e Andr\u00e9 descobre que Geraldo fugiu da cadeia. Passando pela igreja evang\u00e9lica, T\u00e9o escuta Maur\u00edcio e Geraldo conversando sobre o totem. Paola vai at\u00e9 o vilarejo falar com Isabela e diz que ela n\u00e3o conseguir\u00e1 sabot\u00e1-la. Otavio vai at\u00e9 a delegacia e descobre que Maur\u00edcio visitou Geraldo e que o detento fugiu logo em seguida. T\u00e9o conta o que ouviu para Isabela, Mateus e D\u00f3ris.<\/p>\n<p>As crian\u00e7as v\u00e3o at\u00e9 a Igreja para investigar. Com a ajuda de Manteiguinha, que farejava, elas encontram o totem enterrado em baixo de um vaso. Maur\u00edcio chega e v\u00ea que as crian\u00e7as descobriram seu esconderijo. Otavio vai \u00e0 casa de Rebeca e diz que Maur\u00edcio tem liga\u00e7\u00e3o com Geraldo. Maur\u00edcio tranca a igreja e diz que ningu\u00e9m sair\u00e1 enquanto n\u00e3o devolverem o totem. Depois de tanto brigar com Fiorina, Giuseppe resolve sair de casa. Maur\u00edcio revela que n\u00e3o \u00e9 pastor e que s\u00f3 voltou a aparecer por interesse. Ele diz que foi ele quem fez com que as g\u00eameas fossem separadas na maternidade. Rebeca e Otavio v\u00e3o at\u00e9 a igreja e a encontram trancada.<\/p>\n<p>Otavio quebra a porta e liberta as crian\u00e7as. Ot\u00e1vio e Mauricio brigam aos socos, mas o vil\u00e3o consegue fugir. Andr\u00e9 e os irm\u00e3os Vaz falam com Paola sobre Geraldo, para alert\u00e1-la. Quando o fiscal da heran\u00e7a pergunta a Meire e Dinho onde est\u00e1 a gata, ela entra inesperadamente no apartamento. Manuela pede desculpas a Isabela por n\u00e3o ter acreditado nela.<\/p>\n<p>(*) edi\u00e7\u00e3o do SBT, Novela \u201cC\u00famplices de um Resgate\u201d, sujeito a altera\u00e7\u00e3o de data e conte\u00fado.<\/p>\n","protected":false},"excerpt":{"rendered":"<p>Novela \u201cC\u00famplices de um Resgate\u201d resumo 25\/11: ao passar pela igreja evang\u00e9lica, T\u00e9o escuta uma conversa entre Maur\u00edcio e Geraldo sobre o totem. T\u00e9o conta o que ouviu para Isabela, Mateus e D\u00f3ris. As crian\u00e7as v\u00e3o at\u00e9 a Igreja para investigar. Com a ajuda de Manteiguinha, que est\u00e1 a farejar, elas encontram o totem enterrado [&hellip;]<\/p>\n","protected":false},"author":4,"featured_media":71351,"comment_status":"open","ping_status":"closed","sticky":false,"template":"","format":"standard","meta":{"tdm_status":"","tdm_grid_status":"","footnotes":""},"categories":[379,372,343],"tags":[441],"class_list":{"0":"post-100537","1":"post","2":"type-post","3":"status-publish","4":"format-standard","5":"has-post-thumbnail","7":"category-novelas","8":"category-sbt","9":"category-televisao","10":"tag-resumo-do-dia"},"_links":{"self":[{"href":"https:\/\/migracao.redenoticia.com.br\/noticia\/wp-json\/wp\/v2\/posts\/100537","targetHints":{"allow":["GET"]}}],"collection":[{"href":"https:\/\/migracao.redenoticia.com.br\/noticia\/wp-json\/wp\/v2\/posts"}],"about":[{"href":"https:\/\/migracao.redenoticia.com.br\/noticia\/wp-json\/wp\/v2\/types\/post"}],"author":[{"embeddable":true,"href":"https:\/\/migracao.redenoticia.com.br\/noticia\/wp-json\/wp\/v2\/users\/4"}],"replies":[{"embeddable":true,"href":"https:\/\/migracao.redenoticia.com.br\/noticia\/wp-json\/wp\/v2\/comments?post=100537"}],"version-history":[{"count":0,"href":"https:\/\/migracao.redenoticia.com.br\/noticia\/wp-json\/wp\/v2\/posts\/100537\/revisions"}],"wp:featuredmedia":[{"embeddable":true,"href":"https:\/\/migracao.redenoticia.com.br\/noticia\/wp-json\/wp\/v2\/media\/71351"}],"wp:attachment":[{"href":"https:\/\/migracao.redenoticia.com.br\/noticia\/wp-json\/wp\/v2\/media?parent=100537"}],"wp:term":[{"taxonomy":"category","embeddable":true,"href":"https:\/\/migracao.redenoticia.com.br\/noticia\/wp-json\/wp\/v2\/categories?post=100537"},{"taxonomy":"post_tag","embeddable":true,"href":"https:\/\/migracao.redenoticia.com.br\/noticia\/wp-json\/wp\/v2\/tags?post=100537"}],"curies":[{"name":"wp","href":"https:\/\/api.w.org\/{rel}","templated":true}]}}