{"id":100545,"date":"2016-11-24T16:31:45","date_gmt":"2016-11-24T18:31:45","guid":{"rendered":"http:\/\/www.redenoticia.com.br\/noticia\/?p=100545"},"modified":"2016-11-24T18:54:25","modified_gmt":"2016-11-24T20:54:25","slug":"novela-querida-inimiga-resumo-2511-lorena-e-demitida","status":"publish","type":"post","link":"https:\/\/migracao.redenoticia.com.br\/noticia\/2016\/novela-querida-inimiga-resumo-2511-lorena-e-demitida\/100545","title":{"rendered":"Novela \u201cQuerida Inimiga\u201d resumo 25\/11: Lorena \u00e9 demitida"},"content":{"rendered":"<p><img loading=\"lazy\" decoding=\"async\" class=\"alignleft size-thumbnail wp-image-99744\" src=\"https:\/\/migracao.redenoticia.com.br\/noticia\/imagens\/querida_inimiga_resumo_novela_SBT-150x112.jpg\" alt=\"querida_inimiga_resumo_novela_sbt\" width=\"150\" height=\"112\" srcset=\"https:\/\/migracao.redenoticia.com.br\/noticia\/imagens\/querida_inimiga_resumo_novela_SBT-150x112.jpg 150w, https:\/\/migracao.redenoticia.com.br\/noticia\/imagens\/querida_inimiga_resumo_novela_SBT-265x198.jpg 265w\" sizes=\"auto, (max-width: 150px) 100vw, 150px\" \/><strong><em>Novela \u201cQuerida Inimiga\u201d resumo 25\/11<\/em><\/strong>:\u00a0Sara diz a Hort\u00eancia que s\u00f3 viu seus pais de longe e que precisa do carinho deles. Hort\u00eancia promete nome\u00e1-la sua segunda assistente com a condi\u00e7\u00e3o de que desista de procurar seus pais. Sara aceita. Depois, Hort\u00eancia comunica a Jaqueline que nomeou Sara sua segunda assistente. Mais tarde, Hort\u00eancia demite seu cozinheiro e Sara pede a Lorena que fique com o cargo. Lorena aceita e Maria se oferece para ajud\u00e1-la. Ao provar a comida preparada por Lorena, Hort\u00eancia fica furiosa, pois odeia o tempero e a demite. Sara diz a Lorena que fez tudo o que pode, mas n\u00e3o conseguiu impedir a demiss\u00e3o. <\/p>\n<p>No cap\u00edtulo 008(*), novela \u201cQuerida Inimiga\u201d, sexta-feira, 25 de novembro \u2013 Sara diz a Hort\u00eancia que s\u00f3 viu seus pais de longe e que precisa do carinho deles. Hort\u00eancia promete nome\u00e1-la sua segunda assistente com a condi\u00e7\u00e3o de que desista de procurar seus pais. Sara aceita. Mariana fica com ci\u00fames ao ver como Vasco \u00e9 atencioso com Lorena e coloca um ponto final no relacionamento.<\/p>\n<p>Lorena conta para Maria e Rose que Sara a convidou para almo\u00e7ar na casa de Dona Hort\u00eancia. A empres\u00e1ria, ao saber do convite, quer saber de quem foi a ideia. Sara diz que foi de seu filho, Vasco. Hort\u00eancia comunica a Jaqueline que nomeou Sara sua segunda assistente. Rose diz a Maria e a Lorena que j\u00e1 conheceu a fam\u00edlia de J\u00falio e gostou muito deles. Hort\u00eancia demite seu cozinheiro e Sara pede a Lorena que fique com o cargo.<\/p>\n<p>Lorena aceita e Maria se oferece para ajud\u00e1-la. Ao provar a comida preparada por Lorena, Hort\u00eancia fica furiosa, pois odeia o tempero de Lorena. Lorena \u00e9 demitida. Sara diz a Lorena que fez tudo o que pode, mas n\u00e3o conseguiu impedir a demiss\u00e3o. Artur diz a Val\u00e9ria que pediu demiss\u00e3o do emprego e que com a indeniza\u00e7\u00e3o vai abrir seu pr\u00f3prio neg\u00f3cio. Val\u00e9ria apoia seu projeto. Artur telefona para B\u00e1rbara e pede que o ajude economicamente, pois com a indeniza\u00e7\u00e3o que recebeu n\u00e3o conseguir\u00e1 abrir seu pr\u00f3prio neg\u00f3cio.<\/p>\n<p>(*) edi\u00e7\u00e3o do SBT, Novela \u201cQuerida Inimiga\u201d, sujeito a altera\u00e7\u00e3o de data e conte\u00fado.<\/p>\n","protected":false},"excerpt":{"rendered":"<p>Novela \u201cQuerida Inimiga\u201d resumo 25\/11:\u00a0Sara diz a Hort\u00eancia que s\u00f3 viu seus pais de longe e que precisa do carinho deles. Hort\u00eancia promete nome\u00e1-la sua segunda assistente com a condi\u00e7\u00e3o de que desista de procurar seus pais. Sara aceita. Depois, Hort\u00eancia comunica a Jaqueline que nomeou Sara sua segunda assistente. Mais tarde, Hort\u00eancia demite seu [&hellip;]<\/p>\n","protected":false},"author":4,"featured_media":99744,"comment_status":"open","ping_status":"closed","sticky":false,"template":"","format":"standard","meta":{"tdm_status":"","tdm_grid_status":"","footnotes":""},"categories":[379,372,343],"tags":[441],"class_list":{"0":"post-100545","1":"post","2":"type-post","3":"status-publish","4":"format-standard","5":"has-post-thumbnail","7":"category-novelas","8":"category-sbt","9":"category-televisao","10":"tag-resumo-do-dia"},"_links":{"self":[{"href":"https:\/\/migracao.redenoticia.com.br\/noticia\/wp-json\/wp\/v2\/posts\/100545","targetHints":{"allow":["GET"]}}],"collection":[{"href":"https:\/\/migracao.redenoticia.com.br\/noticia\/wp-json\/wp\/v2\/posts"}],"about":[{"href":"https:\/\/migracao.redenoticia.com.br\/noticia\/wp-json\/wp\/v2\/types\/post"}],"author":[{"embeddable":true,"href":"https:\/\/migracao.redenoticia.com.br\/noticia\/wp-json\/wp\/v2\/users\/4"}],"replies":[{"embeddable":true,"href":"https:\/\/migracao.redenoticia.com.br\/noticia\/wp-json\/wp\/v2\/comments?post=100545"}],"version-history":[{"count":0,"href":"https:\/\/migracao.redenoticia.com.br\/noticia\/wp-json\/wp\/v2\/posts\/100545\/revisions"}],"wp:featuredmedia":[{"embeddable":true,"href":"https:\/\/migracao.redenoticia.com.br\/noticia\/wp-json\/wp\/v2\/media\/99744"}],"wp:attachment":[{"href":"https:\/\/migracao.redenoticia.com.br\/noticia\/wp-json\/wp\/v2\/media?parent=100545"}],"wp:term":[{"taxonomy":"category","embeddable":true,"href":"https:\/\/migracao.redenoticia.com.br\/noticia\/wp-json\/wp\/v2\/categories?post=100545"},{"taxonomy":"post_tag","embeddable":true,"href":"https:\/\/migracao.redenoticia.com.br\/noticia\/wp-json\/wp\/v2\/tags?post=100545"}],"curies":[{"name":"wp","href":"https:\/\/api.w.org\/{rel}","templated":true}]}}