{"id":100591,"date":"2016-11-29T06:01:25","date_gmt":"2016-11-29T08:01:25","guid":{"rendered":"http:\/\/www.redenoticia.com.br\/noticia\/?p=100591"},"modified":"2016-11-26T02:57:04","modified_gmt":"2016-11-26T04:57:04","slug":"pos-doutorado-em-geografia-do-trabalho-com-bolsa-da-fapesp","status":"publish","type":"post","link":"https:\/\/migracao.redenoticia.com.br\/noticia\/2016\/pos-doutorado-em-geografia-do-trabalho-com-bolsa-da-fapesp\/100591","title":{"rendered":"P\u00f3s-doutorado em Geografia do Trabalho com Bolsa da FAPESP"},"content":{"rendered":"<p> Ag\u00eancia FAPESP \u2013 Est\u00e3o abertas at\u00e9 1\u00ba de dezembro de 2016 as inscri\u00e7\u00f5es para uma vaga de bolsa de <strong><em>p\u00f3s-doutorado na \u00e1rea de Geografia do Trabalho<\/em><\/strong> junto \u00e0 Faculdade de Ci\u00eancias e Tecnologia (FCT) da Universidade Estadual Paulista (Unesp), campus de Presidente Prudente (SP).<\/p>\n<p>A oportunidade, com Bolsa da FAPESP, est\u00e1 vinculada ao Projeto Tem\u00e1tico , que integra o Programa FAPESP de Pesquisa em Bioenergia (BIOEN).<\/p>\n<p>Segundo o coordenador do projeto, professor Antonio Thomaz J\u00fanior, o objetivo \u00e9 \u201cdesenvolver abordagem cr\u00edtica acerca das quest\u00f5es da agroenergia e dos agrocombust\u00edveis, com as aten\u00e7\u00f5es voltadas para a expans\u00e3o e consolida\u00e7\u00e3o do capital agroindustrial canavieiro e os impactos nas formas de uso da terra e da \u00e1gua e da sa\u00fade do trabalhador, no contexto do Pol\u00edgono do Agro-hidroneg\u00f3cio, no Pontal do Paranapanema (SP)\u201d.<\/p>\n<p>Dentro desse contexto tem\u00e1tico mais amplo, o projeto de p\u00f3s-doutorado dever\u00e1 contemplar o levantamento de elementos que permitam aprofundar o conhecimento sobre aspectos gerais, semelhan\u00e7as e diferen\u00e7as existentes no processo de expans\u00e3o recente da produ\u00e7\u00e3o das principais commodities agropecu\u00e1rias no Brasil, com foco nas implica\u00e7\u00f5es para a sa\u00fade do trabalhador.<\/p>\n<p>O pesquisador-bolsista deve ter experi\u00eancia nos assuntos principais envolvidos na pesquisa (expans\u00e3o territorial da produ\u00e7\u00e3o de commodities no Brasil, precariza\u00e7\u00e3o do trabalho e suas implica\u00e7\u00f5es para a sa\u00fade do trabalhador), bem como compet\u00eancias relativas ao uso de metodologias de pesquisa qualitativa (realiza\u00e7\u00e3o e an\u00e1lise de entrevistas, hist\u00f3ria oral) e quantitativa em Ci\u00eancias Humanas (coleta, tabula\u00e7\u00e3o e an\u00e1lise de dados secund\u00e1rios provenientes de diferentes bancos de dados).<\/p>\n<p>O selecionado dever\u00e1 colaborar constantemente com as atividades do projeto principal, em intera\u00e7\u00e3o com os demais pesquisadores, colaboradores, participantes e com o coordenador.<\/p>\n<p>O projeto est\u00e1 sediado no Centro de Estudos do Trabalho, Ambiente e Sa\u00fade (Cetas) da FCT-Unesp. A dura\u00e7\u00e3o da bolsa ser\u00e1 de 19 meses e as inscri\u00e7\u00f5es, acompanhadas de curriculum vitae, devem ser submetidas por meio de e-mail enviado a thomazjr@gmail.com.<\/p>\n<p>Mais informa\u00e7\u00f5es sobre a oportunidade: .<\/p>\n<p>A vaga est\u00e1 aberta a brasileiros e estrangeiros. O selecionado receber\u00e1 Bolsa de P\u00f3s-Doutorado da FAPESP no valor de R$ 6.819,30 mensais e Reserva T\u00e9cnica. A Reserva T\u00e9cnica de Bolsa de PD equivale a 15% do valor anual da bolsa e tem o objetivo de atender a despesas imprevistas e diretamente relacionadas \u00e0 atividade de pesquisa.<\/p>\n<p>Caso o bolsista de PD resida em domic\u00edlio diferente e precise se mudar para a cidade onde se localiza a institui\u00e7\u00e3o-sede da pesquisa, poder\u00e1 ter direito a um Aux\u00edlio-Instala\u00e7\u00e3o. Mais informa\u00e7\u00f5es sobre a Bolsa de P\u00f3s-Doutorado da FAPESP est\u00e3o dispon\u00edveis em .<\/p>\n<p>Outras vagas de Bolsas de P\u00f3s-Doutorado, em diversas \u00e1reas do conhecimento, est\u00e3o no site FAPESP-Oportunidades, em .<\/p>\n","protected":false},"excerpt":{"rendered":"<p>Ag\u00eancia FAPESP \u2013 Est\u00e3o abertas at\u00e9 1\u00ba de dezembro de 2016 as inscri\u00e7\u00f5es para uma vaga de bolsa de p\u00f3s-doutorado na \u00e1rea de Geografia do Trabalho junto \u00e0 Faculdade de Ci\u00eancias e Tecnologia (FCT) da Universidade Estadual Paulista (Unesp), campus de Presidente Prudente (SP). A oportunidade, com Bolsa da FAPESP, est\u00e1 vinculada ao Projeto Tem\u00e1tico [&hellip;]<\/p>\n","protected":false},"author":2,"featured_media":34767,"comment_status":"open","ping_status":"closed","sticky":false,"template":"","format":"standard","meta":{"tdm_status":"","tdm_grid_status":"","footnotes":""},"categories":[22,370,353],"tags":[],"class_list":{"0":"post-100591","1":"post","2":"type-post","3":"status-publish","4":"format-standard","5":"has-post-thumbnail","7":"category-brasil","8":"category-inscricao","9":"category-oportunidades"},"_links":{"self":[{"href":"https:\/\/migracao.redenoticia.com.br\/noticia\/wp-json\/wp\/v2\/posts\/100591","targetHints":{"allow":["GET"]}}],"collection":[{"href":"https:\/\/migracao.redenoticia.com.br\/noticia\/wp-json\/wp\/v2\/posts"}],"about":[{"href":"https:\/\/migracao.redenoticia.com.br\/noticia\/wp-json\/wp\/v2\/types\/post"}],"author":[{"embeddable":true,"href":"https:\/\/migracao.redenoticia.com.br\/noticia\/wp-json\/wp\/v2\/users\/2"}],"replies":[{"embeddable":true,"href":"https:\/\/migracao.redenoticia.com.br\/noticia\/wp-json\/wp\/v2\/comments?post=100591"}],"version-history":[{"count":0,"href":"https:\/\/migracao.redenoticia.com.br\/noticia\/wp-json\/wp\/v2\/posts\/100591\/revisions"}],"wp:featuredmedia":[{"embeddable":true,"href":"https:\/\/migracao.redenoticia.com.br\/noticia\/wp-json\/wp\/v2\/media\/34767"}],"wp:attachment":[{"href":"https:\/\/migracao.redenoticia.com.br\/noticia\/wp-json\/wp\/v2\/media?parent=100591"}],"wp:term":[{"taxonomy":"category","embeddable":true,"href":"https:\/\/migracao.redenoticia.com.br\/noticia\/wp-json\/wp\/v2\/categories?post=100591"},{"taxonomy":"post_tag","embeddable":true,"href":"https:\/\/migracao.redenoticia.com.br\/noticia\/wp-json\/wp\/v2\/tags?post=100591"}],"curies":[{"name":"wp","href":"https:\/\/api.w.org\/{rel}","templated":true}]}}