{"id":100627,"date":"2016-11-25T18:05:40","date_gmt":"2016-11-25T20:05:40","guid":{"rendered":"http:\/\/www.redenoticia.com.br\/noticia\/?p=100627"},"modified":"2016-11-25T16:49:30","modified_gmt":"2016-11-25T18:49:30","slug":"novela-malhacao-resumo-2811-ricardo-cai-na-armacao-de-barbara","status":"publish","type":"post","link":"https:\/\/migracao.redenoticia.com.br\/noticia\/2016\/novela-malhacao-resumo-2811-ricardo-cai-na-armacao-de-barbara\/100627","title":{"rendered":"Novela \u201cMalha\u00e7\u00e3o\u201d resumo 28\/11:  Manuela manda recado para Joana"},"content":{"rendered":"<p><img loading=\"lazy\" decoding=\"async\" class=\"alignleft size-thumbnail wp-image-91715\" src=\"https:\/\/migracao.redenoticia.com.br\/noticia\/imagens\/malhacao_pro_dia_nascer_feliz_resumo_novela-150x112.jpg\" alt=\"malhacao_pro_dia_nascer_feliz_resumo_novela\" width=\"150\" height=\"112\" srcset=\"https:\/\/migracao.redenoticia.com.br\/noticia\/imagens\/malhacao_pro_dia_nascer_feliz_resumo_novela-150x112.jpg 150w, https:\/\/migracao.redenoticia.com.br\/noticia\/imagens\/malhacao_pro_dia_nascer_feliz_resumo_novela-265x198.jpg 265w\" sizes=\"auto, (max-width: 150px) 100vw, 150px\" \/><strong><em>Novela \u201cMalha\u00e7\u00e3o\u201d resumo 28\/11<\/em><\/strong>:\u00a0B\u00e1rbara aproveita o acidente com\u00a0Manuela para jogar\u00a0Ricardo contra\u00a0Joana. Ele\u00a0flagra as filhas a discutir na porta de sua casa e B\u00e1rbara destila todo seu veneno contra a rival ao dizer que Joana teve coragem de aparecer depois do que aprontou com a Manuela. Joana se defende ao dizer que B\u00e1rbara lhe garantiu que a menina havia desmarcado o almo\u00e7o, mas a mo\u00e7a se faz de sonsa e fala que ela s\u00f3 pode estar maluca. Joana\u00a0perde a linha e amea\u00e7a bater na irm\u00e3.\u00a0B\u00e1rbara\u00a0se faz de v\u00edtima e acaba por ganhar ponto com\u00a0Ricardo, que dispensa Joana. Mais tarde, Joana conta para T\u00e2nia que Ricardo a proibiu de falar a s\u00f3s com Juliana e Manuela. T\u00e2nia n\u00e3o aguenta a falta de respeito, procura Ricardo e discute com ele. Manuela n\u00e3o liga para as ordens de seu pai e manda um recado para Joana.<\/p>\n<p>No cap\u00edtulo 071(*), novela \u201cMalha\u00e7\u00e3o\u201d, segunda-feira, 28 de novembro \u2013 R\u00f4mulo hesita em aceitar o convite de Nanda para morar na casa dela. Joana conta para T\u00e2nia que Ricardo a proibiu de falar a s\u00f3s com Juliana e Manuela.<\/p>\n<p>Ricardo lan\u00e7a um concurso para os funcion\u00e1rios da Forma. R\u00f4mulo quer comprar um apartamento antes de se casar com Nanda. T\u00e2nia discute com Ricardo. J\u00e9ssica avisa a Nanda que sua fam\u00edlia ir\u00e1 vender o apartamento onde a amiga mora. Jab\u00e1 e Lucas se enfrentam durante o jogo de futebol.<\/p>\n<p>Manuela manda um recado para Joana por Caio. Giovane surpreende Joana com um beijo. Caio beija T\u00e2nia. R\u00f4mulo procura Lopes.<\/p>\n<p>(*) edi\u00e7\u00e3o da Rede Globo, Novela \u201cMalha\u00e7\u00e3o\u201d, sujeito a altera\u00e7\u00e3o de data e conte\u00fado.<\/p>\n","protected":false},"excerpt":{"rendered":"<p>Novela \u201cMalha\u00e7\u00e3o\u201d resumo 28\/11:\u00a0B\u00e1rbara aproveita o acidente com\u00a0Manuela para jogar\u00a0Ricardo contra\u00a0Joana. Ele\u00a0flagra as filhas a discutir na porta de sua casa e B\u00e1rbara destila todo seu veneno contra a rival ao dizer que Joana teve coragem de aparecer depois do que aprontou com a Manuela. Joana se defende ao dizer que B\u00e1rbara lhe garantiu que [&hellip;]<\/p>\n","protected":false},"author":4,"featured_media":91715,"comment_status":"open","ping_status":"closed","sticky":false,"template":"","format":"standard","meta":{"tdm_status":"","tdm_grid_status":"","footnotes":""},"categories":[447,379,375,343],"tags":[441],"class_list":{"0":"post-100627","1":"post","2":"type-post","3":"status-publish","4":"format-standard","5":"has-post-thumbnail","7":"category-malhacao","8":"category-novelas","9":"category-rede-globo","10":"category-televisao","11":"tag-resumo-do-dia"},"_links":{"self":[{"href":"https:\/\/migracao.redenoticia.com.br\/noticia\/wp-json\/wp\/v2\/posts\/100627","targetHints":{"allow":["GET"]}}],"collection":[{"href":"https:\/\/migracao.redenoticia.com.br\/noticia\/wp-json\/wp\/v2\/posts"}],"about":[{"href":"https:\/\/migracao.redenoticia.com.br\/noticia\/wp-json\/wp\/v2\/types\/post"}],"author":[{"embeddable":true,"href":"https:\/\/migracao.redenoticia.com.br\/noticia\/wp-json\/wp\/v2\/users\/4"}],"replies":[{"embeddable":true,"href":"https:\/\/migracao.redenoticia.com.br\/noticia\/wp-json\/wp\/v2\/comments?post=100627"}],"version-history":[{"count":0,"href":"https:\/\/migracao.redenoticia.com.br\/noticia\/wp-json\/wp\/v2\/posts\/100627\/revisions"}],"wp:featuredmedia":[{"embeddable":true,"href":"https:\/\/migracao.redenoticia.com.br\/noticia\/wp-json\/wp\/v2\/media\/91715"}],"wp:attachment":[{"href":"https:\/\/migracao.redenoticia.com.br\/noticia\/wp-json\/wp\/v2\/media?parent=100627"}],"wp:term":[{"taxonomy":"category","embeddable":true,"href":"https:\/\/migracao.redenoticia.com.br\/noticia\/wp-json\/wp\/v2\/categories?post=100627"},{"taxonomy":"post_tag","embeddable":true,"href":"https:\/\/migracao.redenoticia.com.br\/noticia\/wp-json\/wp\/v2\/tags?post=100627"}],"curies":[{"name":"wp","href":"https:\/\/api.w.org\/{rel}","templated":true}]}}