{"id":100629,"date":"2016-11-25T17:25:25","date_gmt":"2016-11-25T19:25:25","guid":{"rendered":"http:\/\/www.redenoticia.com.br\/noticia\/?p=100629"},"modified":"2016-11-25T16:51:11","modified_gmt":"2016-11-25T18:51:11","slug":"novela-cheias-de-charme-resumo-2811-penha-e-oto-jantam-juntos","status":"publish","type":"post","link":"https:\/\/migracao.redenoticia.com.br\/noticia\/2016\/novela-cheias-de-charme-resumo-2811-penha-e-oto-jantam-juntos\/100629","title":{"rendered":"Novela \u201cCheias de Charme\u201d resumo 28\/11: Penha e Oto jantam juntos"},"content":{"rendered":"<p><img loading=\"lazy\" decoding=\"async\" class=\"alignleft size-thumbnail wp-image-95548\" src=\"https:\/\/migracao.redenoticia.com.br\/noticia\/imagens\/cheias-de-charme-novela-globo-internacional-resumo-proximo-capitulo-150x112.jpg\" alt=\"cheias-de-charme-novela-globo-internacional-resumo-proximo-capitulo\" width=\"150\" height=\"112\" \/><strong><em>Novela \u201cCheias de Charme\u201d resumo 28\/11<\/em><\/strong>:\u00a0Gentil convida novamente Penha para sair e Ros\u00e1rio a obriga a aceitar. Sandro pede para Alana avis\u00e1-lo quando Penha for sair com Gentil e este arma para prender o locutor na r\u00e1dio. No restaurante, Otto v\u00ea Penha sozinha e os dois jantam juntos. Depois, Otto leva Penha em casa e Alana se surpreende. Sandro confronta o empres\u00e1rio ao v\u00ea-lo se despedir de Penha. Ela briga com Sandro e cuida de Otto. Mais tarde, Penha conversa com Ivone e esta a incentiva a ficar com Otto. M\u00e1slova desconfia de que Otto tenha arrumado uma namorada. <\/p>\n<p>No cap\u00edtulo 051(*), novela \u201cCheias de Charme\u201d, segunda-feira, 28 de novembro \u2013 Fabian manda Tom acertar sua participa\u00e7\u00e3o no show de premia\u00e7\u00e3o das Empreguetes. Sandro pede para Alana avis\u00e1-lo quando Penha for sair com Gentil. Ros\u00e1rio obriga Penha a aceitar o convite de Gentil para sair.<\/p>\n<p>S\u00f4nia se irrita com Sarmento por marcar um jantar com M\u00e1slova. Sandro arma para prender Gentil na r\u00e1dio. Otto v\u00ea Penha sozinha no restaurante e os dois acabam jantando juntos.<\/p>\n<p>Elano convida Cida para sair. In\u00e1cio \u00e9 confundido com Fabian na boate. Otto leva Penha em casa e Alana se surpreende. Fabian e Chayene veem a foto de Ros\u00e1rio e In\u00e1cio juntos. Sandro confronta Otto ao v\u00ea-lo se despedir de Penha.<\/p>\n<p>(*) edi\u00e7\u00e3o da Rede Globo, Novela \u201cCheias de Charme\u201d, sujeito a altera\u00e7\u00e3o de data e conte\u00fado.<\/p>\n","protected":false},"excerpt":{"rendered":"<p>Novela \u201cCheias de Charme\u201d resumo 28\/11:\u00a0Gentil convida novamente Penha para sair e Ros\u00e1rio a obriga a aceitar. Sandro pede para Alana avis\u00e1-lo quando Penha for sair com Gentil e este arma para prender o locutor na r\u00e1dio. No restaurante, Otto v\u00ea Penha sozinha e os dois jantam juntos. Depois, Otto leva Penha em casa e [&hellip;]<\/p>\n","protected":false},"author":4,"featured_media":95548,"comment_status":"open","ping_status":"closed","sticky":false,"template":"","format":"standard","meta":{"tdm_status":"","tdm_grid_status":"","footnotes":""},"categories":[379,375,343],"tags":[441],"class_list":{"0":"post-100629","1":"post","2":"type-post","3":"status-publish","4":"format-standard","5":"has-post-thumbnail","7":"category-novelas","8":"category-rede-globo","9":"category-televisao","10":"tag-resumo-do-dia"},"_links":{"self":[{"href":"https:\/\/migracao.redenoticia.com.br\/noticia\/wp-json\/wp\/v2\/posts\/100629","targetHints":{"allow":["GET"]}}],"collection":[{"href":"https:\/\/migracao.redenoticia.com.br\/noticia\/wp-json\/wp\/v2\/posts"}],"about":[{"href":"https:\/\/migracao.redenoticia.com.br\/noticia\/wp-json\/wp\/v2\/types\/post"}],"author":[{"embeddable":true,"href":"https:\/\/migracao.redenoticia.com.br\/noticia\/wp-json\/wp\/v2\/users\/4"}],"replies":[{"embeddable":true,"href":"https:\/\/migracao.redenoticia.com.br\/noticia\/wp-json\/wp\/v2\/comments?post=100629"}],"version-history":[{"count":0,"href":"https:\/\/migracao.redenoticia.com.br\/noticia\/wp-json\/wp\/v2\/posts\/100629\/revisions"}],"wp:featuredmedia":[{"embeddable":true,"href":"https:\/\/migracao.redenoticia.com.br\/noticia\/wp-json\/wp\/v2\/media\/95548"}],"wp:attachment":[{"href":"https:\/\/migracao.redenoticia.com.br\/noticia\/wp-json\/wp\/v2\/media?parent=100629"}],"wp:term":[{"taxonomy":"category","embeddable":true,"href":"https:\/\/migracao.redenoticia.com.br\/noticia\/wp-json\/wp\/v2\/categories?post=100629"},{"taxonomy":"post_tag","embeddable":true,"href":"https:\/\/migracao.redenoticia.com.br\/noticia\/wp-json\/wp\/v2\/tags?post=100629"}],"curies":[{"name":"wp","href":"https:\/\/api.w.org\/{rel}","templated":true}]}}