{"id":100637,"date":"2016-11-25T18:25:49","date_gmt":"2016-11-25T20:25:49","guid":{"rendered":"http:\/\/www.redenoticia.com.br\/noticia\/?p=100637"},"modified":"2016-11-25T16:43:26","modified_gmt":"2016-11-25T18:43:26","slug":"novela-a-gata-resumo-2811-gisele-e-lorena-voltam-a-discutir","status":"publish","type":"post","link":"https:\/\/migracao.redenoticia.com.br\/noticia\/2016\/novela-a-gata-resumo-2811-gisele-e-lorena-voltam-a-discutir\/100637","title":{"rendered":"Novela \u201cA Gata\u201d resumo 28\/11: Gisele e Lorena voltam a discutir"},"content":{"rendered":"<p><img loading=\"lazy\" decoding=\"async\" class=\"alignleft size-thumbnail wp-image-92254\" src=\"https:\/\/migracao.redenoticia.com.br\/noticia\/imagens\/A_Gata_novela_resumo_SBT-150x112.jpg\" alt=\"A_Gata_novela_resumo_SBT\" width=\"150\" height=\"112\" srcset=\"https:\/\/migracao.redenoticia.com.br\/noticia\/imagens\/A_Gata_novela_resumo_SBT-150x112.jpg 150w, https:\/\/migracao.redenoticia.com.br\/noticia\/imagens\/A_Gata_novela_resumo_SBT-265x198.jpg 265w\" sizes=\"auto, (max-width: 150px) 100vw, 150px\" \/><strong><em>Novela \u201cA Gata\u201d resumo 28\/11<\/em><\/strong>: Silencioso diz a Mariano e Paulo que levou Perla ao lugar onde estava acostumada a cantar e isso a fez pensar que talvez Lorena tenha sido levada por Augusto, assim como ela foi.\u00a0Ent\u00e3o, Paulo e Mariano entram no apartamento de Augusto e Lorena e a encontram. Augusto tenta convenc\u00ea-los de que ela est\u00e1 bem e que o lugar de Lorena \u00e9 com ele. Mais tarde, Gisele diz a Lorena que eram aliadas, e n\u00e3o entende o momento em que ela passou para o outro lado. Lorena responde que foi no momento que se meteu com seus filhos e acusou Mariano de viol\u00e1-la. <\/p>\n<p>No cap\u00edtulo 076(*), novela \u201cA Gata\u201d, segunda-feira, 28 de novembro \u2013 Paulo e Mariano entram no apartamento de Augusto e Lorena e a encontram. Augusto tenta convenc\u00ea-los de que ela est\u00e1 bem e que o lugar de Lorena \u00e9 com ele.<\/p>\n<p>Gisele encontra Augusto b\u00eabado e, furiosa, diz que ele tem que portar-se bem, porque tem um julgamento para ir.<\/p>\n<p>Gisele diz a Lorena que eram aliadas, e n\u00e3o entende o momento em que ela passou para o outro lado. Lorena responde que foi no momento que se meteu com seus filhos e acusou Mariano de viol\u00e1-la.<\/p>\n<p>(*) edi\u00e7\u00e3o do SBT, Novela \u201cA Gata\u201d, sujeito a altera\u00e7\u00e3o de data e conte\u00fado.<\/p>\n","protected":false},"excerpt":{"rendered":"<p>Novela \u201cA Gata\u201d resumo 28\/11: Silencioso diz a Mariano e Paulo que levou Perla ao lugar onde estava acostumada a cantar e isso a fez pensar que talvez Lorena tenha sido levada por Augusto, assim como ela foi.\u00a0Ent\u00e3o, Paulo e Mariano entram no apartamento de Augusto e Lorena e a encontram. Augusto tenta convenc\u00ea-los de [&hellip;]<\/p>\n","protected":false},"author":4,"featured_media":92254,"comment_status":"open","ping_status":"closed","sticky":false,"template":"","format":"standard","meta":{"tdm_status":"","tdm_grid_status":"","footnotes":""},"categories":[379,372,343],"tags":[441],"class_list":{"0":"post-100637","1":"post","2":"type-post","3":"status-publish","4":"format-standard","5":"has-post-thumbnail","7":"category-novelas","8":"category-sbt","9":"category-televisao","10":"tag-resumo-do-dia"},"_links":{"self":[{"href":"https:\/\/migracao.redenoticia.com.br\/noticia\/wp-json\/wp\/v2\/posts\/100637","targetHints":{"allow":["GET"]}}],"collection":[{"href":"https:\/\/migracao.redenoticia.com.br\/noticia\/wp-json\/wp\/v2\/posts"}],"about":[{"href":"https:\/\/migracao.redenoticia.com.br\/noticia\/wp-json\/wp\/v2\/types\/post"}],"author":[{"embeddable":true,"href":"https:\/\/migracao.redenoticia.com.br\/noticia\/wp-json\/wp\/v2\/users\/4"}],"replies":[{"embeddable":true,"href":"https:\/\/migracao.redenoticia.com.br\/noticia\/wp-json\/wp\/v2\/comments?post=100637"}],"version-history":[{"count":0,"href":"https:\/\/migracao.redenoticia.com.br\/noticia\/wp-json\/wp\/v2\/posts\/100637\/revisions"}],"wp:featuredmedia":[{"embeddable":true,"href":"https:\/\/migracao.redenoticia.com.br\/noticia\/wp-json\/wp\/v2\/media\/92254"}],"wp:attachment":[{"href":"https:\/\/migracao.redenoticia.com.br\/noticia\/wp-json\/wp\/v2\/media?parent=100637"}],"wp:term":[{"taxonomy":"category","embeddable":true,"href":"https:\/\/migracao.redenoticia.com.br\/noticia\/wp-json\/wp\/v2\/categories?post=100637"},{"taxonomy":"post_tag","embeddable":true,"href":"https:\/\/migracao.redenoticia.com.br\/noticia\/wp-json\/wp\/v2\/tags?post=100637"}],"curies":[{"name":"wp","href":"https:\/\/api.w.org\/{rel}","templated":true}]}}