{"id":100642,"date":"2016-11-25T15:49:32","date_gmt":"2016-11-25T17:49:32","guid":{"rendered":"http:\/\/www.redenoticia.com.br\/noticia\/?p=100642"},"modified":"2016-11-25T16:55:59","modified_gmt":"2016-11-25T18:55:59","slug":"novela-querida-inimiga-resumo-2811-lorena-vai-voltar-ao-orfanato-com-alonso","status":"publish","type":"post","link":"https:\/\/migracao.redenoticia.com.br\/noticia\/2016\/novela-querida-inimiga-resumo-2811-lorena-vai-voltar-ao-orfanato-com-alonso\/100642","title":{"rendered":"Novela \u201cQuerida Inimiga\u201d resumo 28\/11: Lorena decide visitar o orfanato com Alonso"},"content":{"rendered":"<p><img loading=\"lazy\" decoding=\"async\" class=\"alignleft size-thumbnail wp-image-99744\" src=\"https:\/\/migracao.redenoticia.com.br\/noticia\/imagens\/querida_inimiga_resumo_novela_SBT-150x112.jpg\" alt=\"querida_inimiga_resumo_novela_sbt\" width=\"150\" height=\"112\" srcset=\"https:\/\/migracao.redenoticia.com.br\/noticia\/imagens\/querida_inimiga_resumo_novela_SBT-150x112.jpg 150w, https:\/\/migracao.redenoticia.com.br\/noticia\/imagens\/querida_inimiga_resumo_novela_SBT-265x198.jpg 265w\" sizes=\"auto, (max-width: 150px) 100vw, 150px\" \/><strong><em>Novela \u201cQuerida Inimiga\u201d resumo 28\/11<\/em><\/strong>: preocupada com sua situa\u00e7\u00e3o financeira, Lorena comenta com Alonso que precisa encontrar um trabalho. Alonso prop\u00f5e casamento a Lorena e diz que assim n\u00e3o precisaria se preocupar em arranjar emprego. Lorena diz que jamais se casaria por conveni\u00eancia. J\u00falio prop\u00f5e a Lorena que ajude Zulema a preparar refei\u00e7\u00f5es e ela aceita. Mais tarde, Lorena diz a Alonso que gostaria de ter informa\u00e7\u00f5es sobre seus pais e ele se oferece para lev\u00e1-la at\u00e9 a cidade onde est\u00e1 o orfanato em que foi criada. Lorena fica feliz e combinam a viagem para o dia seguinte. <\/p>\n<p>No cap\u00edtulo 009(*), novela \u201cQuerida Inimiga\u201d, segunda-feira, 28 de novembro \u2013 Sara descobre que B\u00e1rbara tem um amante. B\u00e1rbara pede a Artur que n\u00e3o ligue mais para sua casa. Sara diz a Vasco que Lorena foi despedida porque causou muito preju\u00edzo para a empresa. Zulema diz a J\u00falio que se sente gorda e precisa urgentemente fazer um regime.<\/p>\n<p>Jaime conta para Hort\u00eansia que Carla encontrou Omar trabalhando em uma oficina mec\u00e2nica. Alonso fica enciumado ao ver Vasco e Lorena juntos. Preocupada com sua situa\u00e7\u00e3o financeira, Lorena comenta com Alonso que precisa encontrar um trabalho. Alonso prop\u00f5e casamento a Lorena e diz que assim n\u00e3o precisaria se preocupar em arranjar emprego. Lorena diz que jamais se casaria por conveni\u00eancia.<\/p>\n<p>Alonso quer apresentar Lorena para sua irm\u00e3, Paula. J\u00falio prop\u00f5e a Lorena que ajude Zulema a preparar refei\u00e7\u00f5es e ela aceita. Alonso convida a irm\u00e3 e Lorena para tomar o caf\u00e9 da manh\u00e3. Paula diz a Lorena que aprova seu namoro com Alonso. Lorena diz a Alonso que gostaria de ter informa\u00e7\u00f5es sobre seus pais. Alonso se oferece para lev\u00e1-la at\u00e9 a cidade onde est\u00e1 o orfanato onde foi criada. Lorena fica feliz e combinam a viagem para o dia seguinte.<\/p>\n<p>(*) edi\u00e7\u00e3o do SBT, Novela \u201cQuerida Inimiga\u201d, sujeito a altera\u00e7\u00e3o de data e conte\u00fado.<\/p>\n","protected":false},"excerpt":{"rendered":"<p>Novela \u201cQuerida Inimiga\u201d resumo 28\/11: preocupada com sua situa\u00e7\u00e3o financeira, Lorena comenta com Alonso que precisa encontrar um trabalho. Alonso prop\u00f5e casamento a Lorena e diz que assim n\u00e3o precisaria se preocupar em arranjar emprego. Lorena diz que jamais se casaria por conveni\u00eancia. J\u00falio prop\u00f5e a Lorena que ajude Zulema a preparar refei\u00e7\u00f5es e ela [&hellip;]<\/p>\n","protected":false},"author":4,"featured_media":99744,"comment_status":"open","ping_status":"closed","sticky":false,"template":"","format":"standard","meta":{"tdm_status":"","tdm_grid_status":"","footnotes":""},"categories":[379,372,343],"tags":[441],"class_list":{"0":"post-100642","1":"post","2":"type-post","3":"status-publish","4":"format-standard","5":"has-post-thumbnail","7":"category-novelas","8":"category-sbt","9":"category-televisao","10":"tag-resumo-do-dia"},"_links":{"self":[{"href":"https:\/\/migracao.redenoticia.com.br\/noticia\/wp-json\/wp\/v2\/posts\/100642","targetHints":{"allow":["GET"]}}],"collection":[{"href":"https:\/\/migracao.redenoticia.com.br\/noticia\/wp-json\/wp\/v2\/posts"}],"about":[{"href":"https:\/\/migracao.redenoticia.com.br\/noticia\/wp-json\/wp\/v2\/types\/post"}],"author":[{"embeddable":true,"href":"https:\/\/migracao.redenoticia.com.br\/noticia\/wp-json\/wp\/v2\/users\/4"}],"replies":[{"embeddable":true,"href":"https:\/\/migracao.redenoticia.com.br\/noticia\/wp-json\/wp\/v2\/comments?post=100642"}],"version-history":[{"count":0,"href":"https:\/\/migracao.redenoticia.com.br\/noticia\/wp-json\/wp\/v2\/posts\/100642\/revisions"}],"wp:featuredmedia":[{"embeddable":true,"href":"https:\/\/migracao.redenoticia.com.br\/noticia\/wp-json\/wp\/v2\/media\/99744"}],"wp:attachment":[{"href":"https:\/\/migracao.redenoticia.com.br\/noticia\/wp-json\/wp\/v2\/media?parent=100642"}],"wp:term":[{"taxonomy":"category","embeddable":true,"href":"https:\/\/migracao.redenoticia.com.br\/noticia\/wp-json\/wp\/v2\/categories?post=100642"},{"taxonomy":"post_tag","embeddable":true,"href":"https:\/\/migracao.redenoticia.com.br\/noticia\/wp-json\/wp\/v2\/tags?post=100642"}],"curies":[{"name":"wp","href":"https:\/\/api.w.org\/{rel}","templated":true}]}}