{"id":100757,"date":"2016-11-26T17:50:01","date_gmt":"2016-11-26T19:50:01","guid":{"rendered":"http:\/\/www.redenoticia.com.br\/noticia\/?p=100757"},"modified":"2016-11-26T17:55:04","modified_gmt":"2016-11-26T19:55:04","slug":"novela-sol-nascente-resumo-2811-tanaka-comeca-a-desconfiar-de-cesar","status":"publish","type":"post","link":"https:\/\/migracao.redenoticia.com.br\/noticia\/2016\/novela-sol-nascente-resumo-2811-tanaka-comeca-a-desconfiar-de-cesar\/100757","title":{"rendered":"Novela \u201cSol Nascente\u201d resumo 28\/11: Tanaka come\u00e7a a desconfiar de C\u00e9sar"},"content":{"rendered":"<p><img loading=\"lazy\" decoding=\"async\" class=\"alignleft size-thumbnail wp-image-91714\" src=\"https:\/\/migracao.redenoticia.com.br\/noticia\/imagens\/sol_nascente_resumo_novela_globo-150x112.jpg\" alt=\"sol_nascente_resumo_novela_globo\" width=\"150\" height=\"112\" srcset=\"https:\/\/migracao.redenoticia.com.br\/noticia\/imagens\/sol_nascente_resumo_novela_globo-150x112.jpg 150w, https:\/\/migracao.redenoticia.com.br\/noticia\/imagens\/sol_nascente_resumo_novela_globo-265x198.jpg 265w\" sizes=\"auto, (max-width: 150px) 100vw, 150px\" \/><strong><em>Novela \u201cSol Nascente\u201d resumo 28\/11<\/em><\/strong>: al\u00e9m do ci\u00fame que sente de C\u00e9sar, Mario anda desconfiado da boa vontade do vil\u00e3o. Enquanto isso, Alice continua com d\u00favidas sobre a explos\u00e3o das traineiras da Arraial Pescados. Ao ouvir a presidente da empresa dizer que suspeita que o acidente na verdade pode ter sido um crime, Mario quer saber quem ela acha que seria capaz de fazer isso. Alice n\u00e3o tem ningu\u00e9m em mente, mas Mario deixa claro que n\u00e3o tem d\u00favida que o culpado \u00e9 C\u00e9sar. Alice n\u00e3o acredita que C\u00e9sar seria capaz de ter tomado essa atitude. Mas, Alice fica cismada quando Tanaka a questiona sobre a sua confian\u00e7a em C\u00e9sar. Mais tarde, o vil\u00e3o ouve Alice dizer que vai continuar a investiga\u00e7\u00e3o sobre a explos\u00e3o na traineira.<\/p>\n<p>No cap\u00edtulo 078(*), novela \u201cSol Nascente\u201d, segunda-feira, 28 de novembro \u2013 Alice n\u00e3o acredita quando Mario diz que Cesar \u00e9 o culpado pelas explos\u00f5es. Mano esconde Massao em seu bar. Mario convida Vittorio para fazer compras para o enxoval junto com ele e Carolina. Cesar ordena que Massao seja eliminado. <\/p>\n<p>Jo\u00e3o Amaro usa Mano para resgatar o celular de Massao que est\u00e1 com Damasceno. Cesar ouve Alice dizer que continuar\u00e1 a investiga\u00e7\u00e3o sobre a explos\u00e3o na traineira. Dora sente fortes dores e Tiago a socorre. Amaro acusar Mario pela morte de Massao. Lenita sofre com a aus\u00eancia de sua filha. <\/p>\n<p>Dora sugere que Lucia crie um grupo de apoio \u00e0s mulheres com endometriose. Tanaka questiona a filha sobre sua confian\u00e7a em Cesar. Alice encontrar Mario. Tiago \u00e9 rude ao falar com Dora sobre Yumi. Wagner avisa a J\u00falia que deixar\u00e1 Arraial do Sol Nascente. Carolina chega \u00e0 casa de Mario e Alice se esconde. Lenita decide procurar sua filha.<\/p>\n<p>(*) edi\u00e7\u00e3o da Rede Globo, Novela \u201cSol Nascente\u201d, sujeito a altera\u00e7\u00e3o de data e conte\u00fado.<\/p>\n","protected":false},"excerpt":{"rendered":"<p>Novela \u201cSol Nascente\u201d resumo 28\/11: al\u00e9m do ci\u00fame que sente de C\u00e9sar, Mario anda desconfiado da boa vontade do vil\u00e3o. Enquanto isso, Alice continua com d\u00favidas sobre a explos\u00e3o das traineiras da Arraial Pescados. Ao ouvir a presidente da empresa dizer que suspeita que o acidente na verdade pode ter sido um crime, Mario quer [&hellip;]<\/p>\n","protected":false},"author":2,"featured_media":93941,"comment_status":"open","ping_status":"closed","sticky":false,"template":"","format":"standard","meta":{"tdm_status":"","tdm_grid_status":"","footnotes":""},"categories":[379,375,343],"tags":[441],"class_list":{"0":"post-100757","1":"post","2":"type-post","3":"status-publish","4":"format-standard","5":"has-post-thumbnail","7":"category-novelas","8":"category-rede-globo","9":"category-televisao","10":"tag-resumo-do-dia"},"_links":{"self":[{"href":"https:\/\/migracao.redenoticia.com.br\/noticia\/wp-json\/wp\/v2\/posts\/100757","targetHints":{"allow":["GET"]}}],"collection":[{"href":"https:\/\/migracao.redenoticia.com.br\/noticia\/wp-json\/wp\/v2\/posts"}],"about":[{"href":"https:\/\/migracao.redenoticia.com.br\/noticia\/wp-json\/wp\/v2\/types\/post"}],"author":[{"embeddable":true,"href":"https:\/\/migracao.redenoticia.com.br\/noticia\/wp-json\/wp\/v2\/users\/2"}],"replies":[{"embeddable":true,"href":"https:\/\/migracao.redenoticia.com.br\/noticia\/wp-json\/wp\/v2\/comments?post=100757"}],"version-history":[{"count":0,"href":"https:\/\/migracao.redenoticia.com.br\/noticia\/wp-json\/wp\/v2\/posts\/100757\/revisions"}],"wp:featuredmedia":[{"embeddable":true,"href":"https:\/\/migracao.redenoticia.com.br\/noticia\/wp-json\/wp\/v2\/media\/93941"}],"wp:attachment":[{"href":"https:\/\/migracao.redenoticia.com.br\/noticia\/wp-json\/wp\/v2\/media?parent=100757"}],"wp:term":[{"taxonomy":"category","embeddable":true,"href":"https:\/\/migracao.redenoticia.com.br\/noticia\/wp-json\/wp\/v2\/categories?post=100757"},{"taxonomy":"post_tag","embeddable":true,"href":"https:\/\/migracao.redenoticia.com.br\/noticia\/wp-json\/wp\/v2\/tags?post=100757"}],"curies":[{"name":"wp","href":"https:\/\/api.w.org\/{rel}","templated":true}]}}