{"id":100759,"date":"2016-11-26T19:50:30","date_gmt":"2016-11-26T21:50:30","guid":{"rendered":"http:\/\/www.redenoticia.com.br\/noticia\/?p=100759"},"modified":"2016-11-26T17:54:35","modified_gmt":"2016-11-26T19:54:35","slug":"novela-rock-story-resumo-2811-gui-ouve-cancao-de-zac","status":"publish","type":"post","link":"https:\/\/migracao.redenoticia.com.br\/noticia\/2016\/novela-rock-story-resumo-2811-gui-ouve-cancao-de-zac\/100759","title":{"rendered":"Novela \u201cRock Story\u201d resumo 28\/11: Gui ouve can\u00e7\u00e3o de Zac"},"content":{"rendered":"<p><img loading=\"lazy\" decoding=\"async\" class=\"alignleft size-thumbnail wp-image-97429\" src=\"https:\/\/migracao.redenoticia.com.br\/noticia\/imagens\/logo_rock_story-150x112.jpg\" alt=\"logo_rock_story\" width=\"150\" height=\"112\" srcset=\"https:\/\/migracao.redenoticia.com.br\/noticia\/imagens\/logo_rock_story-150x112.jpg 150w, https:\/\/migracao.redenoticia.com.br\/noticia\/imagens\/logo_rock_story-265x198.jpg 265w\" sizes=\"auto, (max-width: 150px) 100vw, 150px\" \/><strong><em>Novela \u201cRock Story\u201d resumo 28\/11<\/em><\/strong>: ap\u00f3s defender Zac contra Ja\u00edlson, Gui finalmente se entende com o filho. Em uma conversa franca, o roqueiro pede desculpas por ter ficado tanto tempo distante do garoto. Zac tamb\u00e9m abre a guarda e revela toda a verdade sobre as confus\u00f5es em que se meteu. Emocionados, os dois partem para um abra\u00e7o forte. E se Gui o chama de filho, Zac perde a vergonha e o chama de pai pela primeira vez. Depois, infelizmente, Zac encontra Gui embriagado e d\u00e1 um ultimato no pai. Mais tarde, Syl leva Zac para conhecer a gravadora. Gui ouve ele a cantar e tem uma ideia.<\/p>\n<p>No cap\u00edtulo 017(*), novela \u201cRock Story\u201d, segunda-feira, 28 de novembro \u2013 Diana \u00e9 atacada por uma f\u00e3 de L\u00e9o. Edith, Nelson e os filhos conversam sobre a situa\u00e7\u00e3o da Som Discos. J\u00falia ouve a conversa entre Beatriz e Alex. Gui se embriaga em um bar. <\/p>\n<p>L\u00e1zaro tenta conter a raiva quando L\u00e9o fala sobre a noite que passou com Diana. Gordo lamenta ter que demitir m\u00fasicos antigos da gravadora. N\u00e9ia n\u00e3o gosta de saber que L\u00e9o convidou Diana para jantar em sua casa. Zac encontra Gui e d\u00e1 um ultimato no pai. JF e Luana se atrapalham no caminho para a audi\u00e7\u00e3o. <\/p>\n<p>Nicolau \u00e9 rude com Gilda. Luana se machuca e JF a leva para um hospital. J\u00falia n\u00e3o conta para  Lorena seu plano contra Alex. Syl leva Zac para conhecer a gravadora. Gui v\u00ea Zac cantando e tem uma ideia. <\/p>\n<p>(*) edi\u00e7\u00e3o da Rede Globo, Novela \u201cRock Story\u201d, sujeito a altera\u00e7\u00e3o de data e conte\u00fado.<\/p>\n","protected":false},"excerpt":{"rendered":"<p>Novela \u201cRock Story\u201d resumo 28\/11: ap\u00f3s defender Zac contra Ja\u00edlson, Gui finalmente se entende com o filho. Em uma conversa franca, o roqueiro pede desculpas por ter ficado tanto tempo distante do garoto. Zac tamb\u00e9m abre a guarda e revela toda a verdade sobre as confus\u00f5es em que se meteu. Emocionados, os dois partem para [&hellip;]<\/p>\n","protected":false},"author":2,"featured_media":99191,"comment_status":"open","ping_status":"closed","sticky":false,"template":"","format":"standard","meta":{"tdm_status":"","tdm_grid_status":"","footnotes":""},"categories":[379,375,343],"tags":[441],"class_list":{"0":"post-100759","1":"post","2":"type-post","3":"status-publish","4":"format-standard","5":"has-post-thumbnail","7":"category-novelas","8":"category-rede-globo","9":"category-televisao","10":"tag-resumo-do-dia"},"_links":{"self":[{"href":"https:\/\/migracao.redenoticia.com.br\/noticia\/wp-json\/wp\/v2\/posts\/100759","targetHints":{"allow":["GET"]}}],"collection":[{"href":"https:\/\/migracao.redenoticia.com.br\/noticia\/wp-json\/wp\/v2\/posts"}],"about":[{"href":"https:\/\/migracao.redenoticia.com.br\/noticia\/wp-json\/wp\/v2\/types\/post"}],"author":[{"embeddable":true,"href":"https:\/\/migracao.redenoticia.com.br\/noticia\/wp-json\/wp\/v2\/users\/2"}],"replies":[{"embeddable":true,"href":"https:\/\/migracao.redenoticia.com.br\/noticia\/wp-json\/wp\/v2\/comments?post=100759"}],"version-history":[{"count":0,"href":"https:\/\/migracao.redenoticia.com.br\/noticia\/wp-json\/wp\/v2\/posts\/100759\/revisions"}],"wp:featuredmedia":[{"embeddable":true,"href":"https:\/\/migracao.redenoticia.com.br\/noticia\/wp-json\/wp\/v2\/media\/99191"}],"wp:attachment":[{"href":"https:\/\/migracao.redenoticia.com.br\/noticia\/wp-json\/wp\/v2\/media?parent=100759"}],"wp:term":[{"taxonomy":"category","embeddable":true,"href":"https:\/\/migracao.redenoticia.com.br\/noticia\/wp-json\/wp\/v2\/categories?post=100759"},{"taxonomy":"post_tag","embeddable":true,"href":"https:\/\/migracao.redenoticia.com.br\/noticia\/wp-json\/wp\/v2\/tags?post=100759"}],"curies":[{"name":"wp","href":"https:\/\/api.w.org\/{rel}","templated":true}]}}