{"id":100795,"date":"2016-11-28T18:25:07","date_gmt":"2016-11-28T20:25:07","guid":{"rendered":"http:\/\/www.redenoticia.com.br\/noticia\/?p=100795"},"modified":"2016-11-28T16:40:38","modified_gmt":"2016-11-28T18:40:38","slug":"novela-sol-nascente-resumo-2911-lenita-procura-pela-filha","status":"publish","type":"post","link":"https:\/\/migracao.redenoticia.com.br\/noticia\/2016\/novela-sol-nascente-resumo-2911-lenita-procura-pela-filha\/100795","title":{"rendered":"Novela \u201cSol Nascente\u201d resumo 29\/11: Lenita procura pela filha"},"content":{"rendered":"<p><img loading=\"lazy\" decoding=\"async\" class=\"alignleft size-thumbnail wp-image-91714\" src=\"https:\/\/migracao.redenoticia.com.br\/noticia\/imagens\/sol_nascente_resumo_novela_globo-150x112.jpg\" alt=\"sol_nascente_resumo_novela_globo\" width=\"150\" height=\"112\" srcset=\"https:\/\/migracao.redenoticia.com.br\/noticia\/imagens\/sol_nascente_resumo_novela_globo-150x112.jpg 150w, https:\/\/migracao.redenoticia.com.br\/noticia\/imagens\/sol_nascente_resumo_novela_globo-265x198.jpg 265w\" sizes=\"auto, (max-width: 150px) 100vw, 150px\" \/><strong><em>Novela \u201cSol Nascente\u201d resumo 29\/11<\/em><\/strong>:\u00a0Vittorio se emociona ao se lembrar do enxoval que fez para\u00a0Mario quando ele nasceu. Lenita se chateia ao falar sobre beb\u00eas. Vittorio nota a tristeza da namorada e estranha. Ela disfar\u00e7a, diz que s\u00f3 est\u00e1 cansada e Vittorio volta para a padaria. Sozinha no quarto, Lenita pega a manta bordada com o nome da sua filha e desaba ao recordar o passado.\u00a0Ralf a consola. Lenita est\u00e1 confiante de que vai encontrar a garota. Ralf ainda tenta deixar claro para a irm\u00e3 que ela pode estar a se iludir, mas Lenita est\u00e1 irredut\u00edvel.\u00a0O tatuador diz que vai junto, para apoi\u00e1-la. Lenita avisa Vittorio sobre sua ida a S\u00e3o Paulo, mas n\u00e3o conta a ele o verdadeiro motivo da viagem. Lenita encontra o registro de nascimento de sua filha.<\/p>\n<p>No cap\u00edtulo 079(*), novela \u201cSol Nascente\u201d, ter\u00e7a-feira, 29 de novembro \u2013 Lenita viaja com Ralf para S\u00e3o Paulo. J\u00falia aconselha Wagner que desiste de ir embora. Alice pensa em levar Mieko para dar aulas de agricultura \u00e0s mulheres da comunidade do Trevo.<\/p>\n<p>Sirlene gosta da ideia de participar de uma reuni\u00e3o do Motoclube. Mario permite que Loretta v\u00e1 para Arraial. Damasceno anuncia seu namoro com Mieko. Dora questiona Alice sobre a implic\u00e2ncia de Tiago com Yumi. Lenita encontra o registro de nascimento de sua filha.<\/p>\n<p>Mieko se anima ao ajudar as mulheres da comunidade. Carolina se mostra mais interessada no beb\u00ea. Tanaka \u00e9 homenageado ao chegar na empresa. Loretta fica vi\u00fava. Tanaka afirma a Alice que a explos\u00e3o nas traineiras pode ter sido criminosa.<\/p>\n<p>(*) edi\u00e7\u00e3o da Rede Globo, Novela \u201cSol Nascente\u201d, sujeito a altera\u00e7\u00e3o de data e conte\u00fado.<\/p>\n","protected":false},"excerpt":{"rendered":"<p>Novela \u201cSol Nascente\u201d resumo 29\/11:\u00a0Vittorio se emociona ao se lembrar do enxoval que fez para\u00a0Mario quando ele nasceu. Lenita se chateia ao falar sobre beb\u00eas. Vittorio nota a tristeza da namorada e estranha. Ela disfar\u00e7a, diz que s\u00f3 est\u00e1 cansada e Vittorio volta para a padaria. Sozinha no quarto, Lenita pega a manta bordada com [&hellip;]<\/p>\n","protected":false},"author":4,"featured_media":91714,"comment_status":"open","ping_status":"closed","sticky":false,"template":"","format":"standard","meta":{"tdm_status":"","tdm_grid_status":"","footnotes":""},"categories":[379,375,343],"tags":[441],"class_list":{"0":"post-100795","1":"post","2":"type-post","3":"status-publish","4":"format-standard","5":"has-post-thumbnail","7":"category-novelas","8":"category-rede-globo","9":"category-televisao","10":"tag-resumo-do-dia"},"_links":{"self":[{"href":"https:\/\/migracao.redenoticia.com.br\/noticia\/wp-json\/wp\/v2\/posts\/100795","targetHints":{"allow":["GET"]}}],"collection":[{"href":"https:\/\/migracao.redenoticia.com.br\/noticia\/wp-json\/wp\/v2\/posts"}],"about":[{"href":"https:\/\/migracao.redenoticia.com.br\/noticia\/wp-json\/wp\/v2\/types\/post"}],"author":[{"embeddable":true,"href":"https:\/\/migracao.redenoticia.com.br\/noticia\/wp-json\/wp\/v2\/users\/4"}],"replies":[{"embeddable":true,"href":"https:\/\/migracao.redenoticia.com.br\/noticia\/wp-json\/wp\/v2\/comments?post=100795"}],"version-history":[{"count":0,"href":"https:\/\/migracao.redenoticia.com.br\/noticia\/wp-json\/wp\/v2\/posts\/100795\/revisions"}],"wp:featuredmedia":[{"embeddable":true,"href":"https:\/\/migracao.redenoticia.com.br\/noticia\/wp-json\/wp\/v2\/media\/91714"}],"wp:attachment":[{"href":"https:\/\/migracao.redenoticia.com.br\/noticia\/wp-json\/wp\/v2\/media?parent=100795"}],"wp:term":[{"taxonomy":"category","embeddable":true,"href":"https:\/\/migracao.redenoticia.com.br\/noticia\/wp-json\/wp\/v2\/categories?post=100795"},{"taxonomy":"post_tag","embeddable":true,"href":"https:\/\/migracao.redenoticia.com.br\/noticia\/wp-json\/wp\/v2\/tags?post=100795"}],"curies":[{"name":"wp","href":"https:\/\/api.w.org\/{rel}","templated":true}]}}