{"id":100799,"date":"2016-11-28T17:25:50","date_gmt":"2016-11-28T19:25:50","guid":{"rendered":"http:\/\/www.redenoticia.com.br\/noticia\/?p=100799"},"modified":"2016-11-28T16:31:47","modified_gmt":"2016-11-28T18:31:47","slug":"novela-cheias-de-charme-resumo-2911-fabian-procura-rosario-no-buffet","status":"publish","type":"post","link":"https:\/\/migracao.redenoticia.com.br\/noticia\/2016\/novela-cheias-de-charme-resumo-2911-fabian-procura-rosario-no-buffet\/100799","title":{"rendered":"Novela \u201cCheias de Charme\u201d resumo 29\/11: Fabian procura Ros\u00e1rio no buffet"},"content":{"rendered":"<p><img loading=\"lazy\" decoding=\"async\" class=\"alignleft size-thumbnail wp-image-95548\" src=\"https:\/\/migracao.redenoticia.com.br\/noticia\/imagens\/cheias-de-charme-novela-globo-internacional-resumo-proximo-capitulo-150x112.jpg\" alt=\"cheias-de-charme-novela-globo-internacional-resumo-proximo-capitulo\" width=\"150\" height=\"112\" \/><strong><em>Novela \u201cCheias de Charme\u201d resumo 29\/11<\/em><\/strong>:\u00a0In\u00e1cio \u00e9 confundido com Fabian na boate. Depois, Fabian e Chayene veem a foto de Ros\u00e1rio e In\u00e1cio juntos. Mais tarde, Fabian pensa em confirmar o namoro com Ros\u00e1rio. Assim, ele resolve ir ao buf\u00ea e Ros\u00e1rio se desespera por causa de In\u00e1cio. <\/p>\n<p>No cap\u00edtulo 052(*), novela \u201cCheias de Charme\u201d, ter\u00e7a-feira, 29 de novembro \u2013 Penha briga com Sandro e cuida de Otto. Cida e Brunessa se entendem. Penha sonha com Sandro. Valda se sente mal. Ivone incentiva Penha a ficar com Otto. In\u00e1cio v\u00ea D\u00e1lia no lugar de Ros\u00e1rio. Cida pede para Ivone trabalhar na casa dos Sarmento.<\/p>\n<p>M\u00e1slova desconfia de que Otto tenha arrumado uma namorada. Socorro engana La\u00e9rcio para se encontrar com Naldo. Elano confidencia a Lygia que desconfia do car\u00e1ter de Sarmento. Penha resolve ter uma conversa definitiva com Sandro. Socorro leva a comida que Naldo fez para Chayene.<\/p>\n<p>Ivone come\u00e7a a trabalhar na casa de M\u00e1slova. Cida leva Brunessa para o hospital. Chayene \u00e9 chamada para um evento e La\u00e9rcio comemora. Fabian pensa em confirmar o namoro com Ros\u00e1rio. Brunessa fica aflita para falar com a m\u00e9dica. Fabian chega ao buf\u00ea e Ros\u00e1rio se desespera por causa de In\u00e1cio.<\/p>\n<p>(*) edi\u00e7\u00e3o da Rede Globo, Novela \u201cCheias de Charme\u201d, sujeito a altera\u00e7\u00e3o de data e conte\u00fado.<\/p>\n","protected":false},"excerpt":{"rendered":"<p>Novela \u201cCheias de Charme\u201d resumo 29\/11:\u00a0In\u00e1cio \u00e9 confundido com Fabian na boate. Depois, Fabian e Chayene veem a foto de Ros\u00e1rio e In\u00e1cio juntos. Mais tarde, Fabian pensa em confirmar o namoro com Ros\u00e1rio. Assim, ele resolve ir ao buf\u00ea e Ros\u00e1rio se desespera por causa de In\u00e1cio. No cap\u00edtulo 052(*), novela \u201cCheias de Charme\u201d, [&hellip;]<\/p>\n","protected":false},"author":4,"featured_media":95548,"comment_status":"open","ping_status":"closed","sticky":false,"template":"","format":"standard","meta":{"tdm_status":"","tdm_grid_status":"","footnotes":""},"categories":[379,375,343],"tags":[441],"class_list":{"0":"post-100799","1":"post","2":"type-post","3":"status-publish","4":"format-standard","5":"has-post-thumbnail","7":"category-novelas","8":"category-rede-globo","9":"category-televisao","10":"tag-resumo-do-dia"},"_links":{"self":[{"href":"https:\/\/migracao.redenoticia.com.br\/noticia\/wp-json\/wp\/v2\/posts\/100799","targetHints":{"allow":["GET"]}}],"collection":[{"href":"https:\/\/migracao.redenoticia.com.br\/noticia\/wp-json\/wp\/v2\/posts"}],"about":[{"href":"https:\/\/migracao.redenoticia.com.br\/noticia\/wp-json\/wp\/v2\/types\/post"}],"author":[{"embeddable":true,"href":"https:\/\/migracao.redenoticia.com.br\/noticia\/wp-json\/wp\/v2\/users\/4"}],"replies":[{"embeddable":true,"href":"https:\/\/migracao.redenoticia.com.br\/noticia\/wp-json\/wp\/v2\/comments?post=100799"}],"version-history":[{"count":0,"href":"https:\/\/migracao.redenoticia.com.br\/noticia\/wp-json\/wp\/v2\/posts\/100799\/revisions"}],"wp:featuredmedia":[{"embeddable":true,"href":"https:\/\/migracao.redenoticia.com.br\/noticia\/wp-json\/wp\/v2\/media\/95548"}],"wp:attachment":[{"href":"https:\/\/migracao.redenoticia.com.br\/noticia\/wp-json\/wp\/v2\/media?parent=100799"}],"wp:term":[{"taxonomy":"category","embeddable":true,"href":"https:\/\/migracao.redenoticia.com.br\/noticia\/wp-json\/wp\/v2\/categories?post=100799"},{"taxonomy":"post_tag","embeddable":true,"href":"https:\/\/migracao.redenoticia.com.br\/noticia\/wp-json\/wp\/v2\/tags?post=100799"}],"curies":[{"name":"wp","href":"https:\/\/api.w.org\/{rel}","templated":true}]}}