{"id":100804,"date":"2016-11-28T19:55:49","date_gmt":"2016-11-28T21:55:49","guid":{"rendered":"http:\/\/www.redenoticia.com.br\/noticia\/?p=100804"},"modified":"2016-11-28T16:48:04","modified_gmt":"2016-11-28T18:48:04","slug":"novela-cumplices-de-um-resgate-resumo-2911-a-confeccao-do-vilarejo-e-assaltada","status":"publish","type":"post","link":"https:\/\/migracao.redenoticia.com.br\/noticia\/2016\/novela-cumplices-de-um-resgate-resumo-2911-a-confeccao-do-vilarejo-e-assaltada\/100804","title":{"rendered":"Novela \u201cC\u00famplices de um Resgate\u201d resumo 29\/11: a confec\u00e7\u00e3o do vilarejo \u00e9 assaltada"},"content":{"rendered":"<p><img loading=\"lazy\" decoding=\"async\" class=\"alignleft size-thumbnail wp-image-71351\" src=\"https:\/\/migracao.redenoticia.com.br\/noticia\/imagens\/cumplices_de_um_resgate_sbt_novela_resumo-150x112.jpg\" alt=\"cumplices_de_um_resgate_sbt_novela_resumo\" width=\"150\" height=\"112\" srcset=\"https:\/\/migracao.redenoticia.com.br\/noticia\/imagens\/cumplices_de_um_resgate_sbt_novela_resumo-150x112.jpg 150w, https:\/\/migracao.redenoticia.com.br\/noticia\/imagens\/cumplices_de_um_resgate_sbt_novela_resumo-265x198.jpg 265w\" sizes=\"auto, (max-width: 150px) 100vw, 150px\" \/><strong><em>Novela \u201cC\u00famplices de um Resgate\u201d resumo 29\/11<\/em><\/strong>: a\u00a0confec\u00e7\u00e3o do vilarejo consegue terminar os figurinos para o concurso de bandas em cima da hora. Rebeca telefona para Frederico para informar que deu tempo. Mas, algu\u00e9m invade a confec\u00e7\u00e3o durante a noite e rouba parte das pe\u00e7as de roupas que estavam prontas para serem entregues. Mais tarde, Rebeca avisa Frederico que os figurinos das bandas sumiram. O estilista fica preocupado e Rebeca garante que vai refazer o trabalho. Flora escuta a preocupa\u00e7\u00e3o de Frederico e se coloca \u00e0 disposi\u00e7\u00e3o para ajudar. <\/p>\n<p>No cap\u00edtulo 347(*), novela \u201cC\u00famplice de um Resgate\u201d, ter\u00e7a-feira, 29 de novembro \u2013 Dinho e Meire v\u00e3o at\u00e9 a mans\u00e3o herdada pelo tio do advogado. Dinho comenta que a mans\u00e3o parece ser mal-assombrada. Regina conversa com Maur\u00edcio e reclama de ter levado Isabela para ela no passado. Geraldo avisa que Maur\u00edcio ficar\u00e1 na mans\u00e3o por pelo menos um m\u00eas.<\/p>\n<p>A fam\u00edlia de Matheus e D\u00f3ris se despedem da casa e se mudam de vez para o haras. Arthur, Safira e Priscila v\u00e3o jantar em um restaurante. Os tr\u00eas aproveitam para se apresentarem musicalmente no local. Paola vai at\u00e9 a casa de Regina e diz que os dois est\u00e3o felizes juntos e que Regina n\u00e3o tente ir atr\u00e1s de Ot\u00e1vio. Fiorina pede desculpa para Giuseppe e os dois fazem as pazes.<\/p>\n<p>Geraldo e Maur\u00edcio decidem roubar a On-Enterprise para conseguirem dinheiro e prejudicar Ot\u00e1vio. Sandro diz que n\u00e3o ir\u00e1 participar. Rebeca avisa Frederico que os figurinos das bandas sumiram. O estilista fica preocupado. Rebeca garante que ir\u00e1 refazer todos os figurinos. Flora escuta a preocupa\u00e7\u00e3o de Frederico e se coloca \u00e0 disposi\u00e7\u00e3o para ajudar. Alicia sai de casa com os filhos at\u00e9 que Vicente arrume tudo com agiota. Meire oferece seu apartamento e o cargo de sindica para Alicia enquanto ela for morar na mans\u00e3o com Dinho.<\/p>\n<p>(*) edi\u00e7\u00e3o do SBT, Novela \u201cC\u00famplices de um Resgate\u201d, sujeito a altera\u00e7\u00e3o de data e conte\u00fado.<\/p>\n","protected":false},"excerpt":{"rendered":"<p>Novela \u201cC\u00famplices de um Resgate\u201d resumo 29\/11: a\u00a0confec\u00e7\u00e3o do vilarejo consegue terminar os figurinos para o concurso de bandas em cima da hora. Rebeca telefona para Frederico para informar que deu tempo. Mas, algu\u00e9m invade a confec\u00e7\u00e3o durante a noite e rouba parte das pe\u00e7as de roupas que estavam prontas para serem entregues. Mais tarde, [&hellip;]<\/p>\n","protected":false},"author":4,"featured_media":71351,"comment_status":"open","ping_status":"closed","sticky":false,"template":"","format":"standard","meta":{"tdm_status":"","tdm_grid_status":"","footnotes":""},"categories":[379,372,343],"tags":[441],"class_list":{"0":"post-100804","1":"post","2":"type-post","3":"status-publish","4":"format-standard","5":"has-post-thumbnail","7":"category-novelas","8":"category-sbt","9":"category-televisao","10":"tag-resumo-do-dia"},"_links":{"self":[{"href":"https:\/\/migracao.redenoticia.com.br\/noticia\/wp-json\/wp\/v2\/posts\/100804","targetHints":{"allow":["GET"]}}],"collection":[{"href":"https:\/\/migracao.redenoticia.com.br\/noticia\/wp-json\/wp\/v2\/posts"}],"about":[{"href":"https:\/\/migracao.redenoticia.com.br\/noticia\/wp-json\/wp\/v2\/types\/post"}],"author":[{"embeddable":true,"href":"https:\/\/migracao.redenoticia.com.br\/noticia\/wp-json\/wp\/v2\/users\/4"}],"replies":[{"embeddable":true,"href":"https:\/\/migracao.redenoticia.com.br\/noticia\/wp-json\/wp\/v2\/comments?post=100804"}],"version-history":[{"count":0,"href":"https:\/\/migracao.redenoticia.com.br\/noticia\/wp-json\/wp\/v2\/posts\/100804\/revisions"}],"wp:featuredmedia":[{"embeddable":true,"href":"https:\/\/migracao.redenoticia.com.br\/noticia\/wp-json\/wp\/v2\/media\/71351"}],"wp:attachment":[{"href":"https:\/\/migracao.redenoticia.com.br\/noticia\/wp-json\/wp\/v2\/media?parent=100804"}],"wp:term":[{"taxonomy":"category","embeddable":true,"href":"https:\/\/migracao.redenoticia.com.br\/noticia\/wp-json\/wp\/v2\/categories?post=100804"},{"taxonomy":"post_tag","embeddable":true,"href":"https:\/\/migracao.redenoticia.com.br\/noticia\/wp-json\/wp\/v2\/tags?post=100804"}],"curies":[{"name":"wp","href":"https:\/\/api.w.org\/{rel}","templated":true}]}}