{"id":100808,"date":"2016-11-28T18:15:30","date_gmt":"2016-11-28T20:15:30","guid":{"rendered":"http:\/\/www.redenoticia.com.br\/noticia\/?p=100808"},"modified":"2016-11-28T16:34:57","modified_gmt":"2016-11-28T18:34:57","slug":"novela-lagrimas-de-amor-resumo-2911-patricio-discute-com-romulo","status":"publish","type":"post","link":"https:\/\/migracao.redenoticia.com.br\/noticia\/2016\/novela-lagrimas-de-amor-resumo-2911-patricio-discute-com-romulo\/100808","title":{"rendered":"Novela \u201cL\u00e1grimas de Amor\u201d resumo 29\/11: Patr\u00edcio discute com R\u00f4mulo"},"content":{"rendered":"<p><img loading=\"lazy\" decoding=\"async\" class=\"alignleft size-thumbnail wp-image-96552\" src=\"https:\/\/migracao.redenoticia.com.br\/noticia\/imagens\/lagrimas_de_amor_novela_resumo_SBT-150x112.jpg\" alt=\"lagrimas_de_amor_novela_resumo_sbt\" width=\"150\" height=\"112\" srcset=\"https:\/\/migracao.redenoticia.com.br\/noticia\/imagens\/lagrimas_de_amor_novela_resumo_SBT-150x112.jpg 150w, https:\/\/migracao.redenoticia.com.br\/noticia\/imagens\/lagrimas_de_amor_novela_resumo_SBT-265x198.jpg 265w\" sizes=\"auto, (max-width: 150px) 100vw, 150px\" \/><strong><em>Novela \u201cL\u00e1grimas de Amor\u201d resumo 29\/11<\/em><\/strong>:\u00a0R\u00f4mulo pede a Patr\u00edcio que assine uns pap\u00e9is e o convence a fazer sem que antes os tenha lido. Depois, R\u00f4mulo questiona Patr\u00edcio sobre seu passado e sua fam\u00edlia. Patr\u00edcio se ofende, pois R\u00f4mulo pergunta sobre possibilidades de doen\u00e7as heredit\u00e1rias de sua fam\u00edlia. R\u00f4mulo joga na cara de Patr\u00edcio o favor que lhe fez ao cas\u00e1-lo com Olga. Patr\u00edcio responde que n\u00e3o \u00e9 bem assim, e eles precisam rever quem fez favor a quem.  <\/p>\n<p>No cap\u00edtulo 042(*), novela \u201cL\u00e1grimas de Amor\u201d, ter\u00e7a-feira, 29 de novembro \u2013 R\u00f4mulo pede a Patr\u00edcio que assine uns pap\u00e9is e o convence a fazer sem que antes os tenha lido. Benjamin faz Regina trabalhar sob press\u00e3o. Edmundo diz a Tonho que j\u00e1 n\u00e3o deseja mais seguir trabalhando com ele. Tonho d\u00e1 dinheiro para convenc\u00ea-lo a seguir em seu \u201cneg\u00f3cio\u201d. R\u00f4mulo questiona Patr\u00edcio sobre seu passado e sua fam\u00edlia. Patr\u00edcio se ofende, pois R\u00f4mulo o questiona sobre possibilidades de doen\u00e7as heredit\u00e1rias de sua fam\u00edlia. R\u00f4mulo joga na cara de Patr\u00edcio o favor que lhe fez ao cas\u00e1-lo com Olga.<\/p>\n<p>Patr\u00edcio responde que n\u00e3o \u00e9 bem assim, e eles precisam rever quem fez favor a quem. Edmundo telefona para Regina e diz que ajudou uma mulher a dar \u00e0 luz, e isso o fez refletir sobre seu comportamento. Ele a agradece por tudo que fez por ele. No escrit\u00f3rio Ancira, Marco entrega a R\u00f4mulo um passaporte falso para poder tirar do pa\u00eds o juiz Marrufo. Isaias pensa ter que nomear sua neta como herdeira universal. Patr\u00edcio diz a Raul que discutiu com R\u00f4mulo. Apolin\u00e1rio diz a Julieta que falar\u00e1 com Regina sobre seus sentimentos por ela. Raul aconselha Patr\u00edcio a ir atr\u00e1s de Regina e lhe contar que ser\u00e1 av\u00f3.<\/p>\n<p>Marina diz a In\u00e1cio e Consuelo que os mandar\u00e1 buscar C\u00e9sar de avi\u00e3o. In\u00e1cio se assusta e diz que n\u00e3o viajar\u00e1 por nada de avi\u00e3o. Mercedes obriga Olga a tomar seu rem\u00e9dio. Patr\u00edcio observa Regina e Lucero conversando. Patr\u00edcio se disp\u00f5e a encontrar-se com Regina, mas se arrepende ao ver chegar In\u00e1cio e Edmundo. In\u00e1cio, por telefone, convida Consuelo para comer com ele em sua casa. Lola diz a Mercedes que uma pessoa em uma caminhonete levou muitos presentes para o beb\u00ea de Olga. Regina, emocionada, conta a Lucero que viu Patr\u00edcio. Consuelo se arruma e fica muito feminina e atraente. Olga mostra a Patr\u00edcio os presentes que recebeu para o beb\u00ea. Patr\u00edcio l\u00ea um cart\u00e3o com o nome de Flor e, discretamente, o guarda.<\/p>\n<p>(*) edi\u00e7\u00e3o do SBT, Novela \u201cL\u00e1grimas de Amor\u201d, sujeito a altera\u00e7\u00e3o de data e conte\u00fado.<\/p>\n","protected":false},"excerpt":{"rendered":"<p>Novela \u201cL\u00e1grimas de Amor\u201d resumo 29\/11:\u00a0R\u00f4mulo pede a Patr\u00edcio que assine uns pap\u00e9is e o convence a fazer sem que antes os tenha lido. Depois, R\u00f4mulo questiona Patr\u00edcio sobre seu passado e sua fam\u00edlia. Patr\u00edcio se ofende, pois R\u00f4mulo pergunta sobre possibilidades de doen\u00e7as heredit\u00e1rias de sua fam\u00edlia. R\u00f4mulo joga na cara de Patr\u00edcio o [&hellip;]<\/p>\n","protected":false},"author":4,"featured_media":96552,"comment_status":"open","ping_status":"closed","sticky":false,"template":"","format":"standard","meta":{"tdm_status":"","tdm_grid_status":"","footnotes":""},"categories":[379,372,343],"tags":[441],"class_list":{"0":"post-100808","1":"post","2":"type-post","3":"status-publish","4":"format-standard","5":"has-post-thumbnail","7":"category-novelas","8":"category-sbt","9":"category-televisao","10":"tag-resumo-do-dia"},"_links":{"self":[{"href":"https:\/\/migracao.redenoticia.com.br\/noticia\/wp-json\/wp\/v2\/posts\/100808","targetHints":{"allow":["GET"]}}],"collection":[{"href":"https:\/\/migracao.redenoticia.com.br\/noticia\/wp-json\/wp\/v2\/posts"}],"about":[{"href":"https:\/\/migracao.redenoticia.com.br\/noticia\/wp-json\/wp\/v2\/types\/post"}],"author":[{"embeddable":true,"href":"https:\/\/migracao.redenoticia.com.br\/noticia\/wp-json\/wp\/v2\/users\/4"}],"replies":[{"embeddable":true,"href":"https:\/\/migracao.redenoticia.com.br\/noticia\/wp-json\/wp\/v2\/comments?post=100808"}],"version-history":[{"count":0,"href":"https:\/\/migracao.redenoticia.com.br\/noticia\/wp-json\/wp\/v2\/posts\/100808\/revisions"}],"wp:featuredmedia":[{"embeddable":true,"href":"https:\/\/migracao.redenoticia.com.br\/noticia\/wp-json\/wp\/v2\/media\/96552"}],"wp:attachment":[{"href":"https:\/\/migracao.redenoticia.com.br\/noticia\/wp-json\/wp\/v2\/media?parent=100808"}],"wp:term":[{"taxonomy":"category","embeddable":true,"href":"https:\/\/migracao.redenoticia.com.br\/noticia\/wp-json\/wp\/v2\/categories?post=100808"},{"taxonomy":"post_tag","embeddable":true,"href":"https:\/\/migracao.redenoticia.com.br\/noticia\/wp-json\/wp\/v2\/tags?post=100808"}],"curies":[{"name":"wp","href":"https:\/\/api.w.org\/{rel}","templated":true}]}}