{"id":100882,"date":"2016-11-30T19:14:23","date_gmt":"2016-11-30T21:14:23","guid":{"rendered":"http:\/\/www.redenoticia.com.br\/noticia\/?p=100882"},"modified":"2016-11-29T16:16:54","modified_gmt":"2016-11-29T18:16:54","slug":"novela-escrava-mae-resumo-0112-o-capitao-mata-rebeca","status":"publish","type":"post","link":"https:\/\/migracao.redenoticia.com.br\/noticia\/2016\/novela-escrava-mae-resumo-0112-o-capitao-mata-rebeca\/100882","title":{"rendered":"Novela \u201cEscrava M\u00e3e\u201d resumo 01\/12: o Capit\u00e3o mata Rebeca"},"content":{"rendered":"<p> <img loading=\"lazy\" decoding=\"async\" class=\"alignleft size-thumbnail wp-image-87037\" src=\"https:\/\/migracao.redenoticia.com.br\/noticia\/imagens\/escrava-mae-novela-resumo-150x112.jpg\" alt=\"escrava-mae-novela-resumo\" width=\"150\" height=\"112\" srcset=\"https:\/\/migracao.redenoticia.com.br\/noticia\/imagens\/escrava-mae-novela-resumo-150x112.jpg 150w, https:\/\/migracao.redenoticia.com.br\/noticia\/imagens\/escrava-mae-novela-resumo-265x198.jpg 265w\" sizes=\"auto, (max-width: 150px) 100vw, 150px\" \/><strong><em>Novela \u201cEscrava M\u00e3e\u201d resumo 01\/12<\/em><\/strong>: Catarina chega ao solar e conta a Toz\u00e9 e Rebeca que foi vendida como escrava para Almeida. Ela foge mas \u00e9 capturada. O Capit\u00e3o segura o bra\u00e7o de Catarina que grita para solt\u00e1-la. Toz\u00e9 pede para pelo menos cuidar do bra\u00e7o machucado dela. Rebeca diz que tem dinheiro para pagar e o capit\u00e3o hesita. Catarina percebe que capit\u00e3o se distraiu e o golpeia fazendo a faca dele cair. Capit\u00e3o grita para ela parar de correr e aperta o gatilho. Rebeca se joga na frente de Catarina. Catarina, Toz\u00e9, Sapi\u00e3o e Esm\u00e9ria se chocam com o que veem. Rebeca n\u00e3o resiste e morre.<\/p>\n<p>No capitulo 112 (*), novela \u201cEscrava M\u00e3e\u201d, quinta-feira, 01 de dezembro &#8211; Charles diz para Belezinha que n\u00e3o est\u00e1 l\u00e1 para se casar mas para conversar com o pai dela. Capit\u00e3o seguro o bra\u00e7o de Catarina que grita para solt\u00e1-la. Toz\u00e9 pede para pelo menos cuidar do bra\u00e7o machucado dela. Rebeca diz que tem dinheiro para pagar e o capit\u00e3o hesita. Catarina percebe que capit\u00e3o se distraiu e o golpeia fazendo a faca dele cair. Capit\u00e3o grita para ela parar de correr e aperta o gatilho. Rebeca se joga na frente de Catarina. Catarina, Toz\u00e9, Sapi\u00e3o e Esm\u00e9ria se chocam com o que veem. D\u00e1lia, que est\u00e1 com o rosto coberto por um v\u00e9u, chega com o sheik, Violeta e mais dois escravos chegam na casa de Quintiliano. <\/p>\n<p>Todos v\u00e3o ajudar Rebeca. Os\u00f3rio segura o bra\u00e7o de Catarina. Rebeca n\u00e3o resiste e morre. Os soldados entregam Miguel algemado para os guardas da Coroa. Alguns instantes e Os\u00f3rio aparece com Catarina e Esm\u00e9ria pelos bra\u00e7os. Catarina est\u00e1 ferida. Juliana desperta na carro\u00e7a conduzida por Tito Parda j\u00e1 um pouco distante da Vila. Beatrice pede para Almeida soltar Maria Isabel do quarto. Ele abre a porta do quarto e se assusta com muitas cabelos no ch\u00e3o. Os\u00f3rio empurra Catarina para dentro da senzala acorrentada. Tia Joaquina diz para ela resistir. Quintiliano puxa o v\u00e9u que cobre o rosto de Violeta e se choca. Tom\u00e1s diz ao pai que quer se casar com Violeta. <\/p>\n<p>Quintiliano d\u00e1 a ben\u00e7\u00e3o e todos ficam felizes. Almeida conta para Teresa o que aconteceu com Maria Isabel e ela se assusta. Miguel est\u00e1 na mata da \u00c1frica e recebe mais uma carta de Juliana. Ela espera por uma carta de Miguel dizendo que vai voltar. Teresa e Beatrice conversam sobre Le\u00f4ncio, que j\u00e1 est\u00e1 com seis anos de idade. Ele coloca uma barata morta no meio do livro que Maria Isabel est\u00e1 lendo. Almeida chama por Le\u00f4ncio pelo canavial at\u00e9 que v\u00ea um peda\u00e7o de fita verde no ch\u00e3o e acha outro mais na frente. Almeida paralisa ao ver algo no ch\u00e3o que o surpreende.<\/p>\n<p>(*) edi\u00e7\u00e3o da Rede Record, Novela \u201cEscrava M\u00e3e\u201d, sujeito a altera\u00e7\u00e3o de data e conte\u00fado.<\/p>\n","protected":false},"excerpt":{"rendered":"<p>Novela \u201cEscrava M\u00e3e\u201d resumo 01\/12: Catarina chega ao solar e conta a Toz\u00e9 e Rebeca que foi vendida como escrava para Almeida. Ela foge mas \u00e9 capturada. O Capit\u00e3o segura o bra\u00e7o de Catarina que grita para solt\u00e1-la. Toz\u00e9 pede para pelo menos cuidar do bra\u00e7o machucado dela. Rebeca diz que tem dinheiro para pagar [&hellip;]<\/p>\n","protected":false},"author":2,"featured_media":87037,"comment_status":"open","ping_status":"closed","sticky":false,"template":"","format":"standard","meta":{"tdm_status":"","tdm_grid_status":"","footnotes":""},"categories":[379,371,343],"tags":[441],"class_list":{"0":"post-100882","1":"post","2":"type-post","3":"status-publish","4":"format-standard","5":"has-post-thumbnail","7":"category-novelas","8":"category-rede-record","9":"category-televisao","10":"tag-resumo-do-dia"},"_links":{"self":[{"href":"https:\/\/migracao.redenoticia.com.br\/noticia\/wp-json\/wp\/v2\/posts\/100882","targetHints":{"allow":["GET"]}}],"collection":[{"href":"https:\/\/migracao.redenoticia.com.br\/noticia\/wp-json\/wp\/v2\/posts"}],"about":[{"href":"https:\/\/migracao.redenoticia.com.br\/noticia\/wp-json\/wp\/v2\/types\/post"}],"author":[{"embeddable":true,"href":"https:\/\/migracao.redenoticia.com.br\/noticia\/wp-json\/wp\/v2\/users\/2"}],"replies":[{"embeddable":true,"href":"https:\/\/migracao.redenoticia.com.br\/noticia\/wp-json\/wp\/v2\/comments?post=100882"}],"version-history":[{"count":0,"href":"https:\/\/migracao.redenoticia.com.br\/noticia\/wp-json\/wp\/v2\/posts\/100882\/revisions"}],"wp:featuredmedia":[{"embeddable":true,"href":"https:\/\/migracao.redenoticia.com.br\/noticia\/wp-json\/wp\/v2\/media\/87037"}],"wp:attachment":[{"href":"https:\/\/migracao.redenoticia.com.br\/noticia\/wp-json\/wp\/v2\/media?parent=100882"}],"wp:term":[{"taxonomy":"category","embeddable":true,"href":"https:\/\/migracao.redenoticia.com.br\/noticia\/wp-json\/wp\/v2\/categories?post=100882"},{"taxonomy":"post_tag","embeddable":true,"href":"https:\/\/migracao.redenoticia.com.br\/noticia\/wp-json\/wp\/v2\/tags?post=100882"}],"curies":[{"name":"wp","href":"https:\/\/api.w.org\/{rel}","templated":true}]}}