{"id":100893,"date":"2016-11-29T17:25:37","date_gmt":"2016-11-29T19:25:37","guid":{"rendered":"http:\/\/www.redenoticia.com.br\/noticia\/?p=100893"},"modified":"2016-11-29T16:42:08","modified_gmt":"2016-11-29T18:42:08","slug":"novela-cheias-de-charme-resumo-3011-inacio-assiste-rosario-com-fabian","status":"publish","type":"post","link":"https:\/\/migracao.redenoticia.com.br\/noticia\/2016\/novela-cheias-de-charme-resumo-3011-inacio-assiste-rosario-com-fabian\/100893","title":{"rendered":"Novela \u201cCheias de Charme\u201d resumo 30\/11: In\u00e1cio assiste Ros\u00e1rio com Fabian"},"content":{"rendered":"<p><img loading=\"lazy\" decoding=\"async\" class=\"alignleft size-thumbnail wp-image-95548\" src=\"https:\/\/migracao.redenoticia.com.br\/noticia\/imagens\/cheias-de-charme-novela-globo-internacional-resumo-proximo-capitulo-150x112.jpg\" alt=\"cheias-de-charme-novela-globo-internacional-resumo-proximo-capitulo\" width=\"150\" height=\"112\" \/><strong><em>Novela \u201cCheias de Charme\u201d resumo 30\/11<\/em><\/strong>:\u00a0Fabian pensa em confirmar o namoro com Ros\u00e1rio e resolve procura-la no buf\u00ea. Ele chega no local e Ros\u00e1rio se desespera por causa de In\u00e1cio. Ros\u00e1rio manda In\u00e1cio sair para que ele n\u00e3o veja Fabian, mas n\u00e3o percebe que est\u00e1 a ser filmada pela c\u00e2mera de seguran\u00e7a. Mais tarde In\u00e1cio assiste \u00e0 grava\u00e7\u00e3o da c\u00e2mera de seguran\u00e7a da despensa.<\/p>\n<p>No cap\u00edtulo 053(*), novela \u201cCheias de Charme\u201d, quarta-feira, 30 de novembro \u2013 Ros\u00e1rio manda In\u00e1cio sair para que ele n\u00e3o veja Fabian, mas n\u00e3o percebe que est\u00e1 sendo filmada pela c\u00e2mera de seguran\u00e7a. Penha ensina Manuela a cozinhar. Lygia sente dor ao tentar abra\u00e7ar Alejandro. Gentil homenageia Penha na r\u00e1dio.<\/p>\n<p>Brunessa pede para Liara ajud\u00e1-la a trabalhar na Galerie. Valda se cansa quando S\u00f4nia a manda organizar a reuni\u00e3o da Liga das Patroas. Otto pensa em Penha. M\u00e1slova implica com Penha por andar no elevador social e Otto flagra a discuss\u00e3o. Hel\u00f4 leva Helena para trabalhar na Galerie e Liara \u00e9 obrigada a dispensar Brunessa.<\/p>\n<p>Tom se surpreende ao saber que Chayene foi convidada para o programa de Regina Cas\u00e9. S\u00f4nia confunde Brunessa com Cida ao v\u00ea-la de uniforme na cozinha. Fabian pede para Gentil n\u00e3o avisar \u00e0s Empreguetes que ele lhes entregar\u00e1 o pr\u00eamio. In\u00e1cio assiste \u00e0 grava\u00e7\u00e3o da c\u00e2mera de seguran\u00e7a da despensa.<\/p>\n<p>(*) edi\u00e7\u00e3o da Rede Globo, Novela \u201cCheias de Charme\u201d, sujeito a altera\u00e7\u00e3o de data e conte\u00fado.<\/p>\n","protected":false},"excerpt":{"rendered":"<p>Novela \u201cCheias de Charme\u201d resumo 30\/11:\u00a0Fabian pensa em confirmar o namoro com Ros\u00e1rio e resolve procura-la no buf\u00ea. Ele chega no local e Ros\u00e1rio se desespera por causa de In\u00e1cio. Ros\u00e1rio manda In\u00e1cio sair para que ele n\u00e3o veja Fabian, mas n\u00e3o percebe que est\u00e1 a ser filmada pela c\u00e2mera de seguran\u00e7a. Mais tarde In\u00e1cio [&hellip;]<\/p>\n","protected":false},"author":4,"featured_media":95548,"comment_status":"open","ping_status":"closed","sticky":false,"template":"","format":"standard","meta":{"tdm_status":"","tdm_grid_status":"","footnotes":""},"categories":[379,375,343],"tags":[441],"class_list":{"0":"post-100893","1":"post","2":"type-post","3":"status-publish","4":"format-standard","5":"has-post-thumbnail","7":"category-novelas","8":"category-rede-globo","9":"category-televisao","10":"tag-resumo-do-dia"},"_links":{"self":[{"href":"https:\/\/migracao.redenoticia.com.br\/noticia\/wp-json\/wp\/v2\/posts\/100893","targetHints":{"allow":["GET"]}}],"collection":[{"href":"https:\/\/migracao.redenoticia.com.br\/noticia\/wp-json\/wp\/v2\/posts"}],"about":[{"href":"https:\/\/migracao.redenoticia.com.br\/noticia\/wp-json\/wp\/v2\/types\/post"}],"author":[{"embeddable":true,"href":"https:\/\/migracao.redenoticia.com.br\/noticia\/wp-json\/wp\/v2\/users\/4"}],"replies":[{"embeddable":true,"href":"https:\/\/migracao.redenoticia.com.br\/noticia\/wp-json\/wp\/v2\/comments?post=100893"}],"version-history":[{"count":0,"href":"https:\/\/migracao.redenoticia.com.br\/noticia\/wp-json\/wp\/v2\/posts\/100893\/revisions"}],"wp:featuredmedia":[{"embeddable":true,"href":"https:\/\/migracao.redenoticia.com.br\/noticia\/wp-json\/wp\/v2\/media\/95548"}],"wp:attachment":[{"href":"https:\/\/migracao.redenoticia.com.br\/noticia\/wp-json\/wp\/v2\/media?parent=100893"}],"wp:term":[{"taxonomy":"category","embeddable":true,"href":"https:\/\/migracao.redenoticia.com.br\/noticia\/wp-json\/wp\/v2\/categories?post=100893"},{"taxonomy":"post_tag","embeddable":true,"href":"https:\/\/migracao.redenoticia.com.br\/noticia\/wp-json\/wp\/v2\/tags?post=100893"}],"curies":[{"name":"wp","href":"https:\/\/api.w.org\/{rel}","templated":true}]}}