{"id":100991,"date":"2016-11-30T16:50:58","date_gmt":"2016-11-30T18:50:58","guid":{"rendered":"http:\/\/www.redenoticia.com.br\/noticia\/?p=100991"},"modified":"2016-11-30T16:50:58","modified_gmt":"2016-11-30T18:50:58","slug":"novela-a-gata-resumo-0112-esmeralda-volta-a-andar","status":"publish","type":"post","link":"https:\/\/migracao.redenoticia.com.br\/noticia\/2016\/novela-a-gata-resumo-0112-esmeralda-volta-a-andar\/100991","title":{"rendered":"Novela \u201cA Gata\u201d resumo 01\/12: Esmeralda volta a andar"},"content":{"rendered":"<p> <img loading=\"lazy\" decoding=\"async\" class=\"alignleft size-thumbnail wp-image-92254\" src=\"https:\/\/migracao.redenoticia.com.br\/noticia\/imagens\/A_Gata_novela_resumo_SBT-150x112.jpg\" alt=\"A_Gata_novela_resumo_SBT\" width=\"150\" height=\"112\" srcset=\"https:\/\/migracao.redenoticia.com.br\/noticia\/imagens\/A_Gata_novela_resumo_SBT-150x112.jpg 150w, https:\/\/migracao.redenoticia.com.br\/noticia\/imagens\/A_Gata_novela_resumo_SBT-265x198.jpg 265w\" sizes=\"auto, (max-width: 150px) 100vw, 150px\" \/><strong><em>Novela \u201cA Gata\u201d resumo 01\/12<\/em><\/strong>: Silencioso diz a Perla que o juiz determinou sua inoc\u00eancia e seu nome est\u00e1 limpo para poder d\u00e1-lo a Esmeralda. Perla pede a Fernando um pouco de tempo para que Esmeralda e Paulo arrumem sua situa\u00e7\u00e3o. J\u00e1 Paulo conversa com Mariano e diz que sente que essa nova separa\u00e7\u00e3o de Esmeralda pode ser definitiva, porque ela jamais vai aceitar que ele siga pendente de Gisele e n\u00e3o pode deix\u00e1-la assim t\u00e3o doente como est\u00e1. Mais tarde, Esmeralda diz a toda sua fam\u00edlia que tem algo a dizer-lhes. Ela lhes agradece todo o apoio que a ofereceram, se coloca em p\u00e9 e caminha.<\/p>\n<p>No cap\u00edtulo 079(*), novela \u201cA Gata\u201d, quinta-feira, 01 de dezembro \u2013 O Silencioso diz a Perla que por fim o juiz determinou sua inoc\u00eancia e seu nome est\u00e1 limpo para poder d\u00e1-lo a Esmeralda. Perla pede a Fernando um pouco de tempo para que Esmeralda e Paulo arrumem sua situa\u00e7\u00e3o. Paulo procura Esmeralda. Ela diz que est\u00e1 muito decepcionada e ainda n\u00e3o se considera pronta para perdo\u00e1-lo. <\/p>\n<p>Paulo diz que vai voltar ali todos os dias para pedir lhe perd\u00e3o. Lorena diz a Gisele que ela precisa seguir fingindo estar doente, pois Paulo \u00e9 muito sentimental e jamais a deixaria. Paulo diz a Mariano que sente que essa nova separa\u00e7\u00e3o de Esmeralda ser\u00e1 definitiva, porque ela jamais aceitar\u00e1 que ele siga pendente de Gisele e n\u00e3o pode deix\u00e1-la assim t\u00e3o doente como est\u00e1. <\/p>\n<p>Esmeralda diz a toda sua fam\u00edlia que tem algo a dizer-lhes. Ela lhes agradece todo o apoio que a ofereceram, se coloca em p\u00e9 e caminha.<\/p>\n<p>(*) edi\u00e7\u00e3o do SBT, Novela \u201cA Gata\u201d, sujeito a altera\u00e7\u00e3o de data e conte\u00fado.<\/p>\n","protected":false},"excerpt":{"rendered":"<p>Novela \u201cA Gata\u201d resumo 01\/12: Silencioso diz a Perla que o juiz determinou sua inoc\u00eancia e seu nome est\u00e1 limpo para poder d\u00e1-lo a Esmeralda. Perla pede a Fernando um pouco de tempo para que Esmeralda e Paulo arrumem sua situa\u00e7\u00e3o. J\u00e1 Paulo conversa com Mariano e diz que sente que essa nova separa\u00e7\u00e3o de [&hellip;]<\/p>\n","protected":false},"author":2,"featured_media":92254,"comment_status":"open","ping_status":"closed","sticky":false,"template":"","format":"standard","meta":{"tdm_status":"","tdm_grid_status":"","footnotes":""},"categories":[379,372,343],"tags":[441],"class_list":{"0":"post-100991","1":"post","2":"type-post","3":"status-publish","4":"format-standard","5":"has-post-thumbnail","7":"category-novelas","8":"category-sbt","9":"category-televisao","10":"tag-resumo-do-dia"},"_links":{"self":[{"href":"https:\/\/migracao.redenoticia.com.br\/noticia\/wp-json\/wp\/v2\/posts\/100991","targetHints":{"allow":["GET"]}}],"collection":[{"href":"https:\/\/migracao.redenoticia.com.br\/noticia\/wp-json\/wp\/v2\/posts"}],"about":[{"href":"https:\/\/migracao.redenoticia.com.br\/noticia\/wp-json\/wp\/v2\/types\/post"}],"author":[{"embeddable":true,"href":"https:\/\/migracao.redenoticia.com.br\/noticia\/wp-json\/wp\/v2\/users\/2"}],"replies":[{"embeddable":true,"href":"https:\/\/migracao.redenoticia.com.br\/noticia\/wp-json\/wp\/v2\/comments?post=100991"}],"version-history":[{"count":0,"href":"https:\/\/migracao.redenoticia.com.br\/noticia\/wp-json\/wp\/v2\/posts\/100991\/revisions"}],"wp:featuredmedia":[{"embeddable":true,"href":"https:\/\/migracao.redenoticia.com.br\/noticia\/wp-json\/wp\/v2\/media\/92254"}],"wp:attachment":[{"href":"https:\/\/migracao.redenoticia.com.br\/noticia\/wp-json\/wp\/v2\/media?parent=100991"}],"wp:term":[{"taxonomy":"category","embeddable":true,"href":"https:\/\/migracao.redenoticia.com.br\/noticia\/wp-json\/wp\/v2\/categories?post=100991"},{"taxonomy":"post_tag","embeddable":true,"href":"https:\/\/migracao.redenoticia.com.br\/noticia\/wp-json\/wp\/v2\/tags?post=100991"}],"curies":[{"name":"wp","href":"https:\/\/api.w.org\/{rel}","templated":true}]}}