{"id":100993,"date":"2016-11-30T19:32:22","date_gmt":"2016-11-30T21:32:22","guid":{"rendered":"http:\/\/www.redenoticia.com.br\/noticia\/?p=100993"},"modified":"2016-11-30T17:05:47","modified_gmt":"2016-11-30T19:05:47","slug":"novela-cumplices-de-um-resgate-resumo-0112-julia-chora-por-ter-machucado-o-pulso","status":"publish","type":"post","link":"https:\/\/migracao.redenoticia.com.br\/noticia\/2016\/novela-cumplices-de-um-resgate-resumo-0112-julia-chora-por-ter-machucado-o-pulso\/100993","title":{"rendered":"Novela \u201cC\u00famplices de um Resgate\u201d resumo 01\/12: Julia chora por ter machucado o pulso"},"content":{"rendered":"<p> <img loading=\"lazy\" decoding=\"async\" class=\"alignleft size-thumbnail wp-image-71351\" src=\"https:\/\/migracao.redenoticia.com.br\/noticia\/imagens\/cumplices_de_um_resgate_sbt_novela_resumo-150x112.jpg\" alt=\"cumplices_de_um_resgate_sbt_novela_resumo\" width=\"150\" height=\"112\" srcset=\"https:\/\/migracao.redenoticia.com.br\/noticia\/imagens\/cumplices_de_um_resgate_sbt_novela_resumo-150x112.jpg 150w, https:\/\/migracao.redenoticia.com.br\/noticia\/imagens\/cumplices_de_um_resgate_sbt_novela_resumo-265x198.jpg 265w\" sizes=\"auto, (max-width: 150px) 100vw, 150px\" \/><strong><em>Novela \u201cC\u00famplices de um Resgate\u201d resumo 01\/12<\/em><\/strong>: Manuela decide n\u00e3o participar do show da banda ao lado dos amigos. Na \u00faltima hora ela resolve se apresentar. A C1R e Manuela e Seus Amigos chegam atrasados no concurso e s\u00e3o desclassificados, por\u00e9m, a produ\u00e7\u00e3o decide regravar o programa e todos ganham mais uma oportunidade. Antes de se apresentar no concurso, Julia chora por ter machucado o pulso. J\u00e1 Priscila, cai durante a apresenta\u00e7\u00e3o.<\/p>\n<p>No cap\u00edtulo 349(*), novela \u201cC\u00famplice de um Resgate\u201d, quinta-feira, 01 de dezembro \u2013 Frederico surta ao descobrir que foi Tom\u00e1s e Ta\u00edsa que roubaram seus desenhos e figurinos para entregarem as pe\u00e7as com ideias copiadas na segunda fase do concurso. Manuela avisa os amigos que decidiu que ir\u00e1 se apresentar no show de bandas ao lado deles. Navarro, Sandro e Vargas invadem a On-Enterprise vestidos com m\u00e1scara. Lurdinha e Laura se assustam e s\u00e3o amarradas na empresa. <\/p>\n<p>Laura consegue se soltar e tamb\u00e9m Lurdinha. A secret\u00e1ria aciona o alarme. Fiorina vira candidata a prefeita no vilarejo, por\u00e9m descobre que Giuseppe tamb\u00e9m \u00e9 candidato. Na igreja evang\u00e9lica, os fi\u00e9is debatem se aceitam o casamento de Augusto ou n\u00e3o. C1R e Manuela e Seus Amigos chegam atrasados no concurso e s\u00e3o desclassificados, por\u00e9m a produ\u00e7\u00e3o decide regravar o programa e todos ganham mais uma oportunidade. <\/p>\n<p>Vargas e Navarro decidem roubar a mans\u00e3o de Meire. Julia chora por ter machucado o pulso antes de se apresentar no concurso. Priscila cai durante a apresenta\u00e7\u00e3o.<\/p>\n<p>(*) edi\u00e7\u00e3o do SBT, Novela \u201cC\u00famplices de um Resgate\u201d, sujeito a altera\u00e7\u00e3o de data e conte\u00fado.<\/p>\n","protected":false},"excerpt":{"rendered":"<p>Novela \u201cC\u00famplices de um Resgate\u201d resumo 01\/12: Manuela decide n\u00e3o participar do show da banda ao lado dos amigos. Na \u00faltima hora ela resolve se apresentar. A C1R e Manuela e Seus Amigos chegam atrasados no concurso e s\u00e3o desclassificados, por\u00e9m, a produ\u00e7\u00e3o decide regravar o programa e todos ganham mais uma oportunidade. Antes de [&hellip;]<\/p>\n","protected":false},"author":2,"featured_media":71351,"comment_status":"open","ping_status":"closed","sticky":false,"template":"","format":"standard","meta":{"tdm_status":"","tdm_grid_status":"","footnotes":""},"categories":[379,372,343],"tags":[441],"class_list":{"0":"post-100993","1":"post","2":"type-post","3":"status-publish","4":"format-standard","5":"has-post-thumbnail","7":"category-novelas","8":"category-sbt","9":"category-televisao","10":"tag-resumo-do-dia"},"_links":{"self":[{"href":"https:\/\/migracao.redenoticia.com.br\/noticia\/wp-json\/wp\/v2\/posts\/100993","targetHints":{"allow":["GET"]}}],"collection":[{"href":"https:\/\/migracao.redenoticia.com.br\/noticia\/wp-json\/wp\/v2\/posts"}],"about":[{"href":"https:\/\/migracao.redenoticia.com.br\/noticia\/wp-json\/wp\/v2\/types\/post"}],"author":[{"embeddable":true,"href":"https:\/\/migracao.redenoticia.com.br\/noticia\/wp-json\/wp\/v2\/users\/2"}],"replies":[{"embeddable":true,"href":"https:\/\/migracao.redenoticia.com.br\/noticia\/wp-json\/wp\/v2\/comments?post=100993"}],"version-history":[{"count":0,"href":"https:\/\/migracao.redenoticia.com.br\/noticia\/wp-json\/wp\/v2\/posts\/100993\/revisions"}],"wp:featuredmedia":[{"embeddable":true,"href":"https:\/\/migracao.redenoticia.com.br\/noticia\/wp-json\/wp\/v2\/media\/71351"}],"wp:attachment":[{"href":"https:\/\/migracao.redenoticia.com.br\/noticia\/wp-json\/wp\/v2\/media?parent=100993"}],"wp:term":[{"taxonomy":"category","embeddable":true,"href":"https:\/\/migracao.redenoticia.com.br\/noticia\/wp-json\/wp\/v2\/categories?post=100993"},{"taxonomy":"post_tag","embeddable":true,"href":"https:\/\/migracao.redenoticia.com.br\/noticia\/wp-json\/wp\/v2\/tags?post=100993"}],"curies":[{"name":"wp","href":"https:\/\/api.w.org\/{rel}","templated":true}]}}