{"id":100999,"date":"2016-11-30T17:10:21","date_gmt":"2016-11-30T19:10:21","guid":{"rendered":"http:\/\/www.redenoticia.com.br\/noticia\/?p=100999"},"modified":"2016-11-30T17:10:21","modified_gmt":"2016-11-30T19:10:21","slug":"novela-cheias-de-charme-resumo-0112-inacio-flagra-beijo-de-fabian-em-rosario","status":"publish","type":"post","link":"https:\/\/migracao.redenoticia.com.br\/noticia\/2016\/novela-cheias-de-charme-resumo-0112-inacio-flagra-beijo-de-fabian-em-rosario\/100999","title":{"rendered":"Novela \u201cCheias de Charme\u201d resumo 01\/12: In\u00e1cio flagra beijo de Fabian em Ros\u00e1rio"},"content":{"rendered":"<p> <img loading=\"lazy\" decoding=\"async\" class=\"alignleft size-thumbnail wp-image-95548\" src=\"https:\/\/migracao.redenoticia.com.br\/noticia\/imagens\/cheias-de-charme-novela-globo-internacional-resumo-proximo-capitulo-150x112.jpg\" alt=\"cheias-de-charme-novela-globo-internacional-resumo-proximo-capitulo\" width=\"150\" height=\"112\" \/><strong><em>Novela \u201cCheias de Charme\u201d resumo 01\/12<\/em><\/strong>: chega o dia da entrega do pr\u00eamio para as Empreguetes. Sandro vai para a premia\u00e7\u00e3o escondido de Penha e v\u00ea Gentil beijar a m\u00e3o da ex-mulher. In\u00e1cio n\u00e3o consegue encontrar o endere\u00e7o do evento. Chayene sobe ao palco e \u00e9 ovacionada pelo p\u00fablico. Fabian canta com Ros\u00e1rio. In\u00e1cio consegue chegar ao teatro. Sandro amea\u00e7a Gentil. In\u00e1cio entra no camarim de Fabian e o flagra a beijar Ros\u00e1rio.<\/p>\n<p>No cap\u00edtulo 054(*), novela \u201cCheias de Charme\u201d, quinta-feira, 01 de dezembro \u2013 Gentil concorda em n\u00e3o divulgar que Fabian vai entregar o pr\u00eamio para as Empreguetes. Brunessa consegue a vaga de arrumadeira na casa dos Sarmento e tenta conquistar a confian\u00e7a de S\u00f4nia. <\/p>\n<p>Cida n\u00e3o percebe as indiretas que Penha faz sobre Elano. Chayene instrui Socorro a enganar as Empreguetes. Brunessa se insinua para Sarmento. Sandro vai para a premia\u00e7\u00e3o escondido de Penha e v\u00ea Gentil beijar a m\u00e3o da ex-mulher. In\u00e1cio n\u00e3o consegue encontrar o endere\u00e7o do evento. <\/p>\n<p>Chayene sobe ao palco e \u00e9 ovacionada pelo p\u00fablico. Fabian canta com Ros\u00e1rio. Ros\u00e1rio vai falar com Fabian. In\u00e1cio chega ao teatro. Sandro amea\u00e7a Gentil. In\u00e1cio entra no camarim de Fabian e o flagra beijando Ros\u00e1rio.<\/p>\n<p>(*) edi\u00e7\u00e3o da Rede Globo, Novela \u201cCheias de Charme\u201d, sujeito a altera\u00e7\u00e3o de data e conte\u00fado.<\/p>\n","protected":false},"excerpt":{"rendered":"<p>Novela \u201cCheias de Charme\u201d resumo 01\/12: chega o dia da entrega do pr\u00eamio para as Empreguetes. Sandro vai para a premia\u00e7\u00e3o escondido de Penha e v\u00ea Gentil beijar a m\u00e3o da ex-mulher. In\u00e1cio n\u00e3o consegue encontrar o endere\u00e7o do evento. Chayene sobe ao palco e \u00e9 ovacionada pelo p\u00fablico. Fabian canta com Ros\u00e1rio. In\u00e1cio consegue [&hellip;]<\/p>\n","protected":false},"author":2,"featured_media":95548,"comment_status":"open","ping_status":"closed","sticky":false,"template":"","format":"standard","meta":{"tdm_status":"","tdm_grid_status":"","footnotes":""},"categories":[379,375,343],"tags":[441],"class_list":{"0":"post-100999","1":"post","2":"type-post","3":"status-publish","4":"format-standard","5":"has-post-thumbnail","7":"category-novelas","8":"category-rede-globo","9":"category-televisao","10":"tag-resumo-do-dia"},"_links":{"self":[{"href":"https:\/\/migracao.redenoticia.com.br\/noticia\/wp-json\/wp\/v2\/posts\/100999","targetHints":{"allow":["GET"]}}],"collection":[{"href":"https:\/\/migracao.redenoticia.com.br\/noticia\/wp-json\/wp\/v2\/posts"}],"about":[{"href":"https:\/\/migracao.redenoticia.com.br\/noticia\/wp-json\/wp\/v2\/types\/post"}],"author":[{"embeddable":true,"href":"https:\/\/migracao.redenoticia.com.br\/noticia\/wp-json\/wp\/v2\/users\/2"}],"replies":[{"embeddable":true,"href":"https:\/\/migracao.redenoticia.com.br\/noticia\/wp-json\/wp\/v2\/comments?post=100999"}],"version-history":[{"count":0,"href":"https:\/\/migracao.redenoticia.com.br\/noticia\/wp-json\/wp\/v2\/posts\/100999\/revisions"}],"wp:featuredmedia":[{"embeddable":true,"href":"https:\/\/migracao.redenoticia.com.br\/noticia\/wp-json\/wp\/v2\/media\/95548"}],"wp:attachment":[{"href":"https:\/\/migracao.redenoticia.com.br\/noticia\/wp-json\/wp\/v2\/media?parent=100999"}],"wp:term":[{"taxonomy":"category","embeddable":true,"href":"https:\/\/migracao.redenoticia.com.br\/noticia\/wp-json\/wp\/v2\/categories?post=100999"},{"taxonomy":"post_tag","embeddable":true,"href":"https:\/\/migracao.redenoticia.com.br\/noticia\/wp-json\/wp\/v2\/tags?post=100999"}],"curies":[{"name":"wp","href":"https:\/\/api.w.org\/{rel}","templated":true}]}}