{"id":101005,"date":"2016-11-30T20:01:58","date_gmt":"2016-11-30T22:01:58","guid":{"rendered":"http:\/\/www.redenoticia.com.br\/noticia\/?p=101005"},"modified":"2016-11-30T17:23:35","modified_gmt":"2016-11-30T19:23:35","slug":"novela-rock-story-resumo-0112-neia-provoca-crise-alergica-em-diana","status":"publish","type":"post","link":"https:\/\/migracao.redenoticia.com.br\/noticia\/2016\/novela-rock-story-resumo-0112-neia-provoca-crise-alergica-em-diana\/101005","title":{"rendered":"Novela \u201cRock Story\u201d resumo 01\/12: N\u00e9ia provoca crise al\u00e9rgica em Diana"},"content":{"rendered":"<p> <img loading=\"lazy\" decoding=\"async\" class=\"alignleft size-thumbnail wp-image-97429\" src=\"https:\/\/migracao.redenoticia.com.br\/noticia\/imagens\/logo_rock_story-150x112.jpg\" alt=\"logo_rock_story\" width=\"150\" height=\"112\" srcset=\"https:\/\/migracao.redenoticia.com.br\/noticia\/imagens\/logo_rock_story-150x112.jpg 150w, https:\/\/migracao.redenoticia.com.br\/noticia\/imagens\/logo_rock_story-265x198.jpg 265w\" sizes=\"auto, (max-width: 150px) 100vw, 150px\" \/><strong><em>Novela \u201cRock Story\u201d resumo 01\/12<\/em><\/strong>: L\u00e9o R\u00e9gis convida Diana para jantar em sua casa, mas ela hesita. O rapaz a convence a aceitar e N\u00e9ia fica respons\u00e1vel por cozinhar para a nora. A megera aproveita a oportunidade para atingir Diana e coloca na comida uma subst\u00e2ncia que provoca crise al\u00e9rgica. L\u00e9o a leva para o hospital. Depois, L\u00e9o descobre que N\u00e9ia provocou a rea\u00e7\u00e3o al\u00e9rgica de Diana intencionalmente. L\u00e9o procura Diana e invade o SPA onde ela se encontra. Diana descobre que N\u00e9ia sabia de sua alergia. <\/p>\n<p>No cap\u00edtulo 020(*), novela \u201cRock Story\u201d, quinta-feira, 01 de dezembro \u2013 Gui pede para J\u00falia ficar com ele. N\u00e9ia \u00e9 simp\u00e1tica com Diana. Diana tem uma rea\u00e7\u00e3o al\u00e9rgica e L\u00e9o a leva para o hospital. Chiara reclama do bal\u00e9 e Gordo se preocupa. <\/p>\n<p>Caio visita Nicolau e Gilda estranha. Gui e J\u00falia combinam de manter o namoro em segredo. L\u00e9o descobre que N\u00e9ia provocou a rea\u00e7\u00e3o al\u00e9rgica de Diana intencionalmente. Gordo repara no interesse de Diana sobre a vida pessoal de Gui. JF come\u00e7a a trabalhar na churrascaria Boi Amigo. <\/p>\n<p>Gordo fica curioso para saber sobre o novo trabalho de Gui. L\u00e9o invade o SPA onde Diana est\u00e1. Chiara ouve Gui falar o nome de J\u00falia. Gui reclama da press\u00e3o de Diana sobre a filha. J\u00falia toma uma decis\u00e3o e deixa Nelson preocupado. Diana descobre que N\u00e9ia sabia de sua alergia. J\u00falia procura Alex.<\/p>\n<p>(*) edi\u00e7\u00e3o da Rede Globo, Novela \u201cRock Story\u201d, sujeito a altera\u00e7\u00e3o de data e conte\u00fado.<\/p>\n","protected":false},"excerpt":{"rendered":"<p>Novela \u201cRock Story\u201d resumo 01\/12: L\u00e9o R\u00e9gis convida Diana para jantar em sua casa, mas ela hesita. O rapaz a convence a aceitar e N\u00e9ia fica respons\u00e1vel por cozinhar para a nora. A megera aproveita a oportunidade para atingir Diana e coloca na comida uma subst\u00e2ncia que provoca crise al\u00e9rgica. L\u00e9o a leva para o [&hellip;]<\/p>\n","protected":false},"author":2,"featured_media":97429,"comment_status":"open","ping_status":"closed","sticky":false,"template":"","format":"standard","meta":{"tdm_status":"","tdm_grid_status":"","footnotes":""},"categories":[379,375,343],"tags":[441],"class_list":{"0":"post-101005","1":"post","2":"type-post","3":"status-publish","4":"format-standard","5":"has-post-thumbnail","7":"category-novelas","8":"category-rede-globo","9":"category-televisao","10":"tag-resumo-do-dia"},"_links":{"self":[{"href":"https:\/\/migracao.redenoticia.com.br\/noticia\/wp-json\/wp\/v2\/posts\/101005","targetHints":{"allow":["GET"]}}],"collection":[{"href":"https:\/\/migracao.redenoticia.com.br\/noticia\/wp-json\/wp\/v2\/posts"}],"about":[{"href":"https:\/\/migracao.redenoticia.com.br\/noticia\/wp-json\/wp\/v2\/types\/post"}],"author":[{"embeddable":true,"href":"https:\/\/migracao.redenoticia.com.br\/noticia\/wp-json\/wp\/v2\/users\/2"}],"replies":[{"embeddable":true,"href":"https:\/\/migracao.redenoticia.com.br\/noticia\/wp-json\/wp\/v2\/comments?post=101005"}],"version-history":[{"count":0,"href":"https:\/\/migracao.redenoticia.com.br\/noticia\/wp-json\/wp\/v2\/posts\/101005\/revisions"}],"wp:featuredmedia":[{"embeddable":true,"href":"https:\/\/migracao.redenoticia.com.br\/noticia\/wp-json\/wp\/v2\/media\/97429"}],"wp:attachment":[{"href":"https:\/\/migracao.redenoticia.com.br\/noticia\/wp-json\/wp\/v2\/media?parent=101005"}],"wp:term":[{"taxonomy":"category","embeddable":true,"href":"https:\/\/migracao.redenoticia.com.br\/noticia\/wp-json\/wp\/v2\/categories?post=101005"},{"taxonomy":"post_tag","embeddable":true,"href":"https:\/\/migracao.redenoticia.com.br\/noticia\/wp-json\/wp\/v2\/tags?post=101005"}],"curies":[{"name":"wp","href":"https:\/\/api.w.org\/{rel}","templated":true}]}}