{"id":101013,"date":"2016-12-01T19:54:19","date_gmt":"2016-12-01T21:54:19","guid":{"rendered":"http:\/\/www.redenoticia.com.br\/noticia\/?p=101013"},"modified":"2016-11-30T23:55:57","modified_gmt":"2016-12-01T01:55:57","slug":"novela-escrava-mae-resumo-0212-almeida-repreende-leoncio","status":"publish","type":"post","link":"https:\/\/migracao.redenoticia.com.br\/noticia\/2016\/novela-escrava-mae-resumo-0212-almeida-repreende-leoncio\/101013","title":{"rendered":"Novela \u201cEscrava M\u00e3e\u201d resumo 02\/12: Almeida repreende Le\u00f4ncio"},"content":{"rendered":"<p> <img loading=\"lazy\" decoding=\"async\" class=\"alignleft size-thumbnail wp-image-87037\" src=\"https:\/\/migracao.redenoticia.com.br\/noticia\/imagens\/escrava-mae-novela-resumo-150x112.jpg\" alt=\"escrava-mae-novela-resumo\" width=\"150\" height=\"112\" srcset=\"https:\/\/migracao.redenoticia.com.br\/noticia\/imagens\/escrava-mae-novela-resumo-150x112.jpg 150w, https:\/\/migracao.redenoticia.com.br\/noticia\/imagens\/escrava-mae-novela-resumo-265x198.jpg 265w\" sizes=\"auto, (max-width: 150px) 100vw, 150px\" \/><strong><em>Novela \u201cEscrava M\u00e3e\u201d resumo 02\/12<\/em><\/strong>: ap\u00f3s uma passagem no tempo, Teresa e Beatrice conversam sobre Le\u00f4ncio, que j\u00e1 est\u00e1 com seis anos de idade. Almeida chama por Le\u00f4ncio pelo canavial at\u00e9 que v\u00ea um peda\u00e7o de fita verde no ch\u00e3o e acha outro mais na frente. Almeida paralisa ao ver algo no ch\u00e3o que o surpreende. Le\u00f4ncio tem algumas fitas e um fac\u00e3o na m\u00e3o. O garoto observa o pai, impass\u00edvel. Almeida repreende Le\u00f4ncio que estava sozinho no canavial. Le\u00f4ncio encara o pai, em sil\u00eancio, antes de sair correndo. Almeida termina de desamarrar as m\u00e3os de um escravo magrinho, que tem os punhos enrolados com a fita verde. Os\u00f3rio, agora feitor do engenho, observa de longe. Teresa repreende Le\u00f4ncio e Beatrice observa questionando se o garoto \u00e9 filho de Teresa.<\/p>\n<p>No capitulo 113 (*), novela \u201cEscrava M\u00e3e\u201d, sexta-feira, 02 de dezembro &#8211; Almeida continua assustado e se revela diante de Le\u00f4ncio, um menino de aproximadamente 6 anos. Ele tem algumas fitas e um fac\u00e3o na m\u00e3o. O garoto observa o pai, impass\u00edvel. Almeida repreende Le\u00f4ncio que estava sozinho no canavial. Le\u00f4ncio encara o pai, em sil\u00eancio, antes de sair correndo. No engenho, Sapi\u00e3o retira uns amarrados de cana de um carrinho enquanto fala com Mina e lembra que Juliana gostava do dia da botada, da festa, do banquete. Almeida termina de desamarrar as m\u00e3os de um escravo magrinho, que tem os punhos enrolados com a fita verde. <\/p>\n<p>Os\u00f3rio, agora feitor do engenho, observa de longe. Teresa repreende Le\u00f4ncio e Beatrice observa questionando se o garoto \u00e9 filho de Teresa. Charles conversa com Nestor e Tom\u00e1s sobre o cartaz a procura de um suspeito que entra nas fazendas para libertar escravos. Gen\u00e9sio entrega algumas cartas de Filipa \u00e0 Quintiliano. Violeta parece agoniada diante de Rosalinda e revela que j\u00e1 fez de tudo para engravidar e n\u00e3o consegue. Juliana conversa com Tito Pardo sobre as lembran\u00e7as da fazenda. <\/p>\n<p>Maria Isabel diante de uma roda de fiar, com o olhar perdido na roda. Catarina e outros escravos trabalham duro e Catarina est\u00e1 cansada, suada. Esm\u00e9ria serve uma cuia de \u00e1gua para a irm\u00e3. Esm\u00e9ria promete que vai arrumar um jeito de libertar Catarina e para isso vai pagar com a mesma moeda com Almeida, tirando o que ele tem de mais valioso que \u00e9 o filho Le\u00f4ncio, para a surpresa de Catarina. Filipa conversa com B\u00e1 Teixeira sobre a discuss\u00e3o que continua com o pai sobre seus pretendentes que insiste em lhe arrumar.<\/p>\n<p>(*) edi\u00e7\u00e3o da Rede Record, Novela \u201cEscrava M\u00e3e\u201d, sujeito a altera\u00e7\u00e3o de data e conte\u00fado.<\/p>\n","protected":false},"excerpt":{"rendered":"<p>Novela \u201cEscrava M\u00e3e\u201d resumo 02\/12: ap\u00f3s uma passagem no tempo, Teresa e Beatrice conversam sobre Le\u00f4ncio, que j\u00e1 est\u00e1 com seis anos de idade. Almeida chama por Le\u00f4ncio pelo canavial at\u00e9 que v\u00ea um peda\u00e7o de fita verde no ch\u00e3o e acha outro mais na frente. Almeida paralisa ao ver algo no ch\u00e3o que o [&hellip;]<\/p>\n","protected":false},"author":2,"featured_media":87037,"comment_status":"open","ping_status":"closed","sticky":false,"template":"","format":"standard","meta":{"tdm_status":"","tdm_grid_status":"","footnotes":""},"categories":[379,371,343],"tags":[441],"class_list":{"0":"post-101013","1":"post","2":"type-post","3":"status-publish","4":"format-standard","5":"has-post-thumbnail","7":"category-novelas","8":"category-rede-record","9":"category-televisao","10":"tag-resumo-do-dia"},"_links":{"self":[{"href":"https:\/\/migracao.redenoticia.com.br\/noticia\/wp-json\/wp\/v2\/posts\/101013","targetHints":{"allow":["GET"]}}],"collection":[{"href":"https:\/\/migracao.redenoticia.com.br\/noticia\/wp-json\/wp\/v2\/posts"}],"about":[{"href":"https:\/\/migracao.redenoticia.com.br\/noticia\/wp-json\/wp\/v2\/types\/post"}],"author":[{"embeddable":true,"href":"https:\/\/migracao.redenoticia.com.br\/noticia\/wp-json\/wp\/v2\/users\/2"}],"replies":[{"embeddable":true,"href":"https:\/\/migracao.redenoticia.com.br\/noticia\/wp-json\/wp\/v2\/comments?post=101013"}],"version-history":[{"count":0,"href":"https:\/\/migracao.redenoticia.com.br\/noticia\/wp-json\/wp\/v2\/posts\/101013\/revisions"}],"wp:featuredmedia":[{"embeddable":true,"href":"https:\/\/migracao.redenoticia.com.br\/noticia\/wp-json\/wp\/v2\/media\/87037"}],"wp:attachment":[{"href":"https:\/\/migracao.redenoticia.com.br\/noticia\/wp-json\/wp\/v2\/media?parent=101013"}],"wp:term":[{"taxonomy":"category","embeddable":true,"href":"https:\/\/migracao.redenoticia.com.br\/noticia\/wp-json\/wp\/v2\/categories?post=101013"},{"taxonomy":"post_tag","embeddable":true,"href":"https:\/\/migracao.redenoticia.com.br\/noticia\/wp-json\/wp\/v2\/tags?post=101013"}],"curies":[{"name":"wp","href":"https:\/\/api.w.org\/{rel}","templated":true}]}}