{"id":101017,"date":"2016-12-01T19:57:30","date_gmt":"2016-12-01T21:57:30","guid":{"rendered":"http:\/\/www.redenoticia.com.br\/noticia\/?p=101017"},"modified":"2016-11-30T23:58:52","modified_gmt":"2016-12-01T01:58:52","slug":"novela-ezel-resumo-0212-cengiz-diz-a-eysan-que-vai-trabalhar-com-ezel","status":"publish","type":"post","link":"https:\/\/migracao.redenoticia.com.br\/noticia\/2016\/novela-ezel-resumo-0212-cengiz-diz-a-eysan-que-vai-trabalhar-com-ezel\/101017","title":{"rendered":"Novela \u201cEzel\u201d resumo 02\/12: Cengiz diz a Eysan que vai trabalhar com Ezel"},"content":{"rendered":"<p> <img loading=\"lazy\" decoding=\"async\" class=\"alignleft size-thumbnail wp-image-98061\" src=\"https:\/\/migracao.redenoticia.com.br\/noticia\/imagens\/ezel_novela_band_resumo-150x112.jpg\" alt=\"ezel_novela_band_resumo\" width=\"150\" height=\"112\" srcset=\"https:\/\/migracao.redenoticia.com.br\/noticia\/imagens\/ezel_novela_band_resumo-150x112.jpg 150w, https:\/\/migracao.redenoticia.com.br\/noticia\/imagens\/ezel_novela_band_resumo-265x198.jpg 265w\" sizes=\"auto, (max-width: 150px) 100vw, 150px\" \/><strong><em> Novela \u201cEzel\u201d resumo 02\/12<\/em><\/strong>: Ali ainda procura obter pistas de Ezel, o segue e percebe que ele esteve com Bahar em um orfanato. Ele pega os registos do local e leva para Cengiz, que n\u00e3o se importa porque agora tem neg\u00f3cios com Ezel. Cengiz promete a Eysan que vai realizar o seu sonho. Ele diz que vai trabalhar com Ezel para construir o hotel e, com isso, largar o v\u00edcio do jogo e \u00e1lcool. <\/p>\n<p>No capitulo 023 (*), novela \u201cEzel\u201d, sexta-feira, 02 de dezembro &#8211; Cengiz promete a Eysan que vai realizar o seu sonho. Ele diz que vai trabalhar com Ezel para construir o hotel e, com isso, largar o v\u00edcio do jogo e \u00e1lcool. Al\u00e9m disso, ele a convida para viajar com o seu filho. No passado, quando Omer foi condenado, Cengiz foi visitar a fam\u00edlia de seu ex-amigo para dar os p\u00easames. Quando ele estava l\u00e1, Meliha o encarou e disse que sabia do relacionamento dele com Eysan. Ali ainda procura obter pistas de Ezel, o segue e percebe que ele esteve com Bahar em um orfanato. Ele pega os registos do local e leva para Cengiz, que n\u00e3o se importa porque agora tem neg\u00f3cios com Ezel.<\/p>\n<p> Ali descobre que Ezel visita e ajuda crian\u00e7as em um orfanato. Cengiz diz a Ali que vai ser s\u00f3cio de Ezel na constru\u00e7\u00e3o do novo hotel e Ali n\u00e3o gosta da not\u00edcia. Ezel se envolve com Bahar ao mesmo tempo em que se aproxima cada vez mais de Eysan. Cengiz, Ali e Eysan visitam Serdar, o pai de Eysan, e decidem ajud\u00e1-lo.<\/p>\n<p> Cengiz corta uma mecha de cabelo de Yan e, ap\u00f3s um exame de DNA, descobre que n\u00e3o \u00e9 o pai do garoto. Ezel vai \u00e0 festa de anivers\u00e1rio de Yan e convida Bahar para passar a noite com ele. Cengiz descobre que Eysan est\u00e1 evitando ter mais filhos. Ezel expulsa Bahar no meio da noite e ela volta para casa chorando. Cengiz sai com outra mulher. Eysan vai \u00e0 casa de Ezel cobrar explica\u00e7\u00f5es.<\/p>\n<p>(*) edi\u00e7\u00e3o da Band, Novela \u201cEzel\u201d, sujeito a altera\u00e7\u00e3o de data e conte\u00fado.<\/p>\n","protected":false},"excerpt":{"rendered":"<p>Novela \u201cEzel\u201d resumo 02\/12: Ali ainda procura obter pistas de Ezel, o segue e percebe que ele esteve com Bahar em um orfanato. Ele pega os registos do local e leva para Cengiz, que n\u00e3o se importa porque agora tem neg\u00f3cios com Ezel. Cengiz promete a Eysan que vai realizar o seu sonho. Ele diz [&hellip;]<\/p>\n","protected":false},"author":2,"featured_media":98061,"comment_status":"open","ping_status":"closed","sticky":false,"template":"","format":"standard","meta":{"tdm_status":"","tdm_grid_status":"","footnotes":""},"categories":[390,379,343],"tags":[441],"class_list":{"0":"post-101017","1":"post","2":"type-post","3":"status-publish","4":"format-standard","5":"has-post-thumbnail","7":"category-band","8":"category-novelas","9":"category-televisao","10":"tag-resumo-do-dia"},"_links":{"self":[{"href":"https:\/\/migracao.redenoticia.com.br\/noticia\/wp-json\/wp\/v2\/posts\/101017","targetHints":{"allow":["GET"]}}],"collection":[{"href":"https:\/\/migracao.redenoticia.com.br\/noticia\/wp-json\/wp\/v2\/posts"}],"about":[{"href":"https:\/\/migracao.redenoticia.com.br\/noticia\/wp-json\/wp\/v2\/types\/post"}],"author":[{"embeddable":true,"href":"https:\/\/migracao.redenoticia.com.br\/noticia\/wp-json\/wp\/v2\/users\/2"}],"replies":[{"embeddable":true,"href":"https:\/\/migracao.redenoticia.com.br\/noticia\/wp-json\/wp\/v2\/comments?post=101017"}],"version-history":[{"count":0,"href":"https:\/\/migracao.redenoticia.com.br\/noticia\/wp-json\/wp\/v2\/posts\/101017\/revisions"}],"wp:featuredmedia":[{"embeddable":true,"href":"https:\/\/migracao.redenoticia.com.br\/noticia\/wp-json\/wp\/v2\/media\/98061"}],"wp:attachment":[{"href":"https:\/\/migracao.redenoticia.com.br\/noticia\/wp-json\/wp\/v2\/media?parent=101017"}],"wp:term":[{"taxonomy":"category","embeddable":true,"href":"https:\/\/migracao.redenoticia.com.br\/noticia\/wp-json\/wp\/v2\/categories?post=101017"},{"taxonomy":"post_tag","embeddable":true,"href":"https:\/\/migracao.redenoticia.com.br\/noticia\/wp-json\/wp\/v2\/tags?post=101017"}],"curies":[{"name":"wp","href":"https:\/\/api.w.org\/{rel}","templated":true}]}}