{"id":101044,"date":"2016-12-05T15:01:58","date_gmt":"2016-12-05T17:01:58","guid":{"rendered":"http:\/\/www.redenoticia.com.br\/noticia\/?p=101044"},"modified":"2016-12-04T16:46:51","modified_gmt":"2016-12-04T18:46:51","slug":"novela-amor-e-intrigas-resumo-0612-debora-reconhece-o-anel-de-celeste","status":"publish","type":"post","link":"https:\/\/migracao.redenoticia.com.br\/noticia\/2016\/novela-amor-e-intrigas-resumo-0612-debora-reconhece-o-anel-de-celeste\/101044","title":{"rendered":"Novela \u201cAmor e Intrigas\u201d resumo 06\/12: D\u00e9bora reconhece o anel de Celeste"},"content":{"rendered":"<p> <img loading=\"lazy\" decoding=\"async\" class=\"alignleft size-thumbnail wp-image-85046\" src=\"https:\/\/migracao.redenoticia.com.br\/noticia\/imagens\/amor_e_intrigas_record_resumo_novela-150x112.jpg\" alt=\"amor_e_intrigas_record_resumo_novela\" width=\"150\" height=\"112\" srcset=\"https:\/\/migracao.redenoticia.com.br\/noticia\/imagens\/amor_e_intrigas_record_resumo_novela-150x112.jpg 150w, https:\/\/migracao.redenoticia.com.br\/noticia\/imagens\/amor_e_intrigas_record_resumo_novela-265x198.jpg 265w\" sizes=\"auto, (max-width: 150px) 100vw, 150px\" \/><strong><em>Novela \u201cAmor e Intrigas\u201d resumo 06\/12<\/em><\/strong>: D\u00e9bora diz a Felipe que vai conhecer Kiko. Celeste observa o anel e Eva elogia-a. D\u00e9bora n\u00e3o encontra Kiko na empresa e Neide diz que foi \u00e0 pens\u00e3o. D\u00e9bora vai atr\u00e1s de Kiko. D\u00e9bora chega \u00e0 pens\u00e3o, mas Kiko n\u00e3o est\u00e1 e Celeste a recebe. D\u00e9bora reconhece o anel de Celeste. D\u00e9bora diz que ganhou o anel de Daniel e que depois ele desapareceu quando a pousada foi roubada. Celeste diz que foi mais um plano de Petr\u00f4nio. D\u00e9bora n\u00e3o entende como o anel foi parar \u00e0 m\u00e3o de Alexandra. Eva diz que precisa devolver o colar para D\u00e9bora.<\/p>\n<p>No capitulo 153 (*), novela \u201cAmor e Intrigas\u201d, ter\u00e7a-feira, 06 de dezembro &#8211; M\u00e1rio fica surpreendido ao ver S\u00edlvia. Ela diz que precisava v\u00ea-lo. M\u00e1rio diz que n\u00e3o quer conversar com S\u00edlvia, porque ela \u00e9 a culpada pelo que aconteceu. Felipe diz a D\u00e9bora que vai trazer Romeu para o Brasil. D\u00e9bora diz a Felipe que vai conhecer Kiko. M\u00e1rio diz que S\u00edlvia arruinou a vida dele, mas que ele ainda est\u00e1 apaixonado por ela. Paco fica chocado depois de Eugenia dizer que ele est\u00e1 demitido. Paco tenta conversar, mas Eug\u00e9nia \u00e9 inflex\u00edvel. Jacira arranja-se para visitar Petr\u00f4nio na cadeia. <\/p>\n<p>Valqu\u00edria diz a Jacira para ser discreta e dizer que est\u00e1 do lado de Petr\u00f4nio. Doroteia combina um almo\u00e7o com Valqu\u00edria no restaurante de Camilo. Celeste observa o anel e Eva elogia-a. Adelaide e Camilo marcam um almo\u00e7o. Pierre vai at\u00e9 a casa de Doroteia para falar com C\u00edcero. D\u00e9bora n\u00e3o encontra Kiko na empresa e Neide diz que foi \u00e0 pens\u00e3o. D\u00e9bora vai atr\u00e1s de Kiko. Petr\u00f4nio surpreende-se com a visita de Jacira, que diz que Valqu\u00edria mandou avisar que vai fazer de tudo para ele sair da cadeia. Valqu\u00edria pergunta a Doroteia qual o plano contra Alice. Doroteia diz que planeia uma fuga de g\u00e1s para matar Alice. Valqu\u00edria diz que vai arranjar as pessoas para cometer o crime. <\/p>\n<p>Alice diz a Janaina que elas v\u00e3o ter dinheiro para comprar m\u00e1quinas para a confec\u00e7\u00e3o. D\u00e9bora chega \u00e0 pens\u00e3o, mas Kiko n\u00e3o est\u00e1 e Celeste a recebe. D\u00e9bora reconhece o anel de Celeste. Doroteia observa que Camilo e Adelaide chegam ao restaurante. Eles v\u00e3o cumpriment\u00e1-la. D\u00e9bora diz que ganhou o anel de Daniel e que depois ele desapareceu quando a pousada foi roubada. Celeste diz que foi mais um plano de Petr\u00f4nio. D\u00e9bora n\u00e3o entende como o anel foi parar \u00e0 m\u00e3o de Alexandra. Eva diz que precisa devolver o colar para D\u00e9bora. Pierre pergunta a C\u00edcero se Doroteia gosta de Camilo.<\/p>\n<p>(*) edi\u00e7\u00e3o da Rede Record, Novela \u201cAmor e Intrigas\u201d, sujeito a altera\u00e7\u00e3o de data e conte\u00fado. <\/p>\n","protected":false},"excerpt":{"rendered":"<p>Novela \u201cAmor e Intrigas\u201d resumo 06\/12: D\u00e9bora diz a Felipe que vai conhecer Kiko. Celeste observa o anel e Eva elogia-a. D\u00e9bora n\u00e3o encontra Kiko na empresa e Neide diz que foi \u00e0 pens\u00e3o. D\u00e9bora vai atr\u00e1s de Kiko. D\u00e9bora chega \u00e0 pens\u00e3o, mas Kiko n\u00e3o est\u00e1 e Celeste a recebe. D\u00e9bora reconhece o anel [&hellip;]<\/p>\n","protected":false},"author":2,"featured_media":85046,"comment_status":"open","ping_status":"closed","sticky":false,"template":"","format":"standard","meta":{"tdm_status":"","tdm_grid_status":"","footnotes":""},"categories":[379,371,343],"tags":[441],"class_list":{"0":"post-101044","1":"post","2":"type-post","3":"status-publish","4":"format-standard","5":"has-post-thumbnail","7":"category-novelas","8":"category-rede-record","9":"category-televisao","10":"tag-resumo-do-dia"},"_links":{"self":[{"href":"https:\/\/migracao.redenoticia.com.br\/noticia\/wp-json\/wp\/v2\/posts\/101044","targetHints":{"allow":["GET"]}}],"collection":[{"href":"https:\/\/migracao.redenoticia.com.br\/noticia\/wp-json\/wp\/v2\/posts"}],"about":[{"href":"https:\/\/migracao.redenoticia.com.br\/noticia\/wp-json\/wp\/v2\/types\/post"}],"author":[{"embeddable":true,"href":"https:\/\/migracao.redenoticia.com.br\/noticia\/wp-json\/wp\/v2\/users\/2"}],"replies":[{"embeddable":true,"href":"https:\/\/migracao.redenoticia.com.br\/noticia\/wp-json\/wp\/v2\/comments?post=101044"}],"version-history":[{"count":0,"href":"https:\/\/migracao.redenoticia.com.br\/noticia\/wp-json\/wp\/v2\/posts\/101044\/revisions"}],"wp:featuredmedia":[{"embeddable":true,"href":"https:\/\/migracao.redenoticia.com.br\/noticia\/wp-json\/wp\/v2\/media\/85046"}],"wp:attachment":[{"href":"https:\/\/migracao.redenoticia.com.br\/noticia\/wp-json\/wp\/v2\/media?parent=101044"}],"wp:term":[{"taxonomy":"category","embeddable":true,"href":"https:\/\/migracao.redenoticia.com.br\/noticia\/wp-json\/wp\/v2\/categories?post=101044"},{"taxonomy":"post_tag","embeddable":true,"href":"https:\/\/migracao.redenoticia.com.br\/noticia\/wp-json\/wp\/v2\/tags?post=101044"}],"curies":[{"name":"wp","href":"https:\/\/api.w.org\/{rel}","templated":true}]}}