{"id":101055,"date":"2016-12-01T18:25:27","date_gmt":"2016-12-01T20:25:27","guid":{"rendered":"http:\/\/www.redenoticia.com.br\/noticia\/?p=101055"},"modified":"2016-12-01T18:56:24","modified_gmt":"2016-12-01T20:56:24","slug":"novela-sol-nascente-resumo-0212-massao-e-assassinado","status":"publish","type":"post","link":"https:\/\/migracao.redenoticia.com.br\/noticia\/2016\/novela-sol-nascente-resumo-0212-massao-e-assassinado\/101055","title":{"rendered":"Novela \u201cSol Nascente\u201d resumo 02\/12: Massao \u00e9 assassinado"},"content":{"rendered":"<p><img loading=\"lazy\" decoding=\"async\" class=\"alignleft size-thumbnail wp-image-91714\" src=\"https:\/\/migracao.redenoticia.com.br\/noticia\/imagens\/sol_nascente_resumo_novela_globo-150x112.jpg\" alt=\"sol_nascente_resumo_novela_globo\" width=\"150\" height=\"112\" srcset=\"https:\/\/migracao.redenoticia.com.br\/noticia\/imagens\/sol_nascente_resumo_novela_globo-150x112.jpg 150w, https:\/\/migracao.redenoticia.com.br\/noticia\/imagens\/sol_nascente_resumo_novela_globo-265x198.jpg 265w\" sizes=\"auto, (max-width: 150px) 100vw, 150px\" \/><strong><em>Novela \u201cSol Nascente\u201d resumo 02\/12<\/em><\/strong>: no bar de Mano, Milena fica irritada com as investidas de Massao, que est\u00e1 b\u00eabado em uma das mesas. O bandido tenta agarrar a garota, que pede para Ralf ir busc\u00e1-la. O tatuador chega ao local, d\u00e1 de cara com Massao e perde a cabe\u00e7a. Mario tenta segurar o amigo, que continua transtornado e amea\u00e7a Massao de morte. Durante a briga, Ralf deixa cair a bandana e alguns broches, que s\u00e3o recolhidos por Mano para incrimin\u00e1-lo. Massao \u00e9 assassinado, a mando de C\u00e9sar, e o dono do bar coloca os pertences do tatuador junto ao corpo. Mais tarde, os surfistas encontram o corpo de Massao na praia. <\/p>\n<p>No cap\u00edtulo 082(*), novela \u201cSol Nascente\u201d, sexta-feira, 02 de dezembro \u2013 Mario discute com Ralf. Jo\u00e3o Amaro coloca a arma que usou contra Massao em um dos vasos de planta na casa de Gaetano e Geppina. Milena reconhece Jo\u00e3o Amaro e Damasceno registra. Yumi volta para casa.<\/p>\n<p>Dora suspeita de que tenha deixado de gostar de Tiago. J\u00falia pergunta se Chica acredita que a explos\u00e3o da traineira foi criminosa. Ralf agradece Vittorio pelo apoio a Lenita. Carolina leva para Mario uma lista com op\u00e7\u00f5es de nomes de beb\u00ea. Patrick incentiva Ralf a falar com Vittorio sobre Milena.<\/p>\n<p>Moreira convida a Arraial Pescados para participar de uma feira de produtos gourmet. Loretta tenta avisar Milena que est\u00e1 voltando para o Brasil. Surfistas encontram o corpo de Massao na praia. Chica afirma a Alice que a explos\u00e3o das traineiras foi criminosa.<\/p>\n<p>(*) edi\u00e7\u00e3o da Rede Globo, Novela \u201cSol Nascente\u201d, sujeito a altera\u00e7\u00e3o de data e conte\u00fado.<\/p>\n","protected":false},"excerpt":{"rendered":"<p>Novela \u201cSol Nascente\u201d resumo 02\/12: no bar de Mano, Milena fica irritada com as investidas de Massao, que est\u00e1 b\u00eabado em uma das mesas. O bandido tenta agarrar a garota, que pede para Ralf ir busc\u00e1-la. O tatuador chega ao local, d\u00e1 de cara com Massao e perde a cabe\u00e7a. Mario tenta segurar o amigo, [&hellip;]<\/p>\n","protected":false},"author":4,"featured_media":91714,"comment_status":"open","ping_status":"closed","sticky":false,"template":"","format":"standard","meta":{"tdm_status":"","tdm_grid_status":"","footnotes":""},"categories":[379,375,343],"tags":[441],"class_list":{"0":"post-101055","1":"post","2":"type-post","3":"status-publish","4":"format-standard","5":"has-post-thumbnail","7":"category-novelas","8":"category-rede-globo","9":"category-televisao","10":"tag-resumo-do-dia"},"_links":{"self":[{"href":"https:\/\/migracao.redenoticia.com.br\/noticia\/wp-json\/wp\/v2\/posts\/101055","targetHints":{"allow":["GET"]}}],"collection":[{"href":"https:\/\/migracao.redenoticia.com.br\/noticia\/wp-json\/wp\/v2\/posts"}],"about":[{"href":"https:\/\/migracao.redenoticia.com.br\/noticia\/wp-json\/wp\/v2\/types\/post"}],"author":[{"embeddable":true,"href":"https:\/\/migracao.redenoticia.com.br\/noticia\/wp-json\/wp\/v2\/users\/4"}],"replies":[{"embeddable":true,"href":"https:\/\/migracao.redenoticia.com.br\/noticia\/wp-json\/wp\/v2\/comments?post=101055"}],"version-history":[{"count":0,"href":"https:\/\/migracao.redenoticia.com.br\/noticia\/wp-json\/wp\/v2\/posts\/101055\/revisions"}],"wp:featuredmedia":[{"embeddable":true,"href":"https:\/\/migracao.redenoticia.com.br\/noticia\/wp-json\/wp\/v2\/media\/91714"}],"wp:attachment":[{"href":"https:\/\/migracao.redenoticia.com.br\/noticia\/wp-json\/wp\/v2\/media?parent=101055"}],"wp:term":[{"taxonomy":"category","embeddable":true,"href":"https:\/\/migracao.redenoticia.com.br\/noticia\/wp-json\/wp\/v2\/categories?post=101055"},{"taxonomy":"post_tag","embeddable":true,"href":"https:\/\/migracao.redenoticia.com.br\/noticia\/wp-json\/wp\/v2\/tags?post=101055"}],"curies":[{"name":"wp","href":"https:\/\/api.w.org\/{rel}","templated":true}]}}