{"id":101058,"date":"2016-12-01T18:05:57","date_gmt":"2016-12-01T20:05:57","guid":{"rendered":"http:\/\/www.redenoticia.com.br\/noticia\/?p=101058"},"modified":"2016-12-01T18:48:36","modified_gmt":"2016-12-01T20:48:36","slug":"novela-malhacao-resumo-0212-giovane-leva-joana-vai-ao-aniversario-de-irene","status":"publish","type":"post","link":"https:\/\/migracao.redenoticia.com.br\/noticia\/2016\/novela-malhacao-resumo-0212-giovane-leva-joana-vai-ao-aniversario-de-irene\/101058","title":{"rendered":"Novela \u201cMalha\u00e7\u00e3o\u201d resumo 02\/12: Giovane leva Joana vai ao anivers\u00e1rio de Irene"},"content":{"rendered":"<p><img loading=\"lazy\" decoding=\"async\" class=\"alignleft size-thumbnail wp-image-91715\" src=\"https:\/\/migracao.redenoticia.com.br\/noticia\/imagens\/malhacao_pro_dia_nascer_feliz_resumo_novela-150x112.jpg\" alt=\"malhacao_pro_dia_nascer_feliz_resumo_novela\" width=\"150\" height=\"112\" srcset=\"https:\/\/migracao.redenoticia.com.br\/noticia\/imagens\/malhacao_pro_dia_nascer_feliz_resumo_novela-150x112.jpg 150w, https:\/\/migracao.redenoticia.com.br\/noticia\/imagens\/malhacao_pro_dia_nascer_feliz_resumo_novela-265x198.jpg 265w\" sizes=\"auto, (max-width: 150px) 100vw, 150px\" \/><strong><em>Novela \u201cMalha\u00e7\u00e3o\u201d resumo 02\/12<\/em><\/strong>:\u00a0Gabriel pega o celular de Giovane, se passa por ele e marca um encontro com Joana. Gabriel tenta convencer a garota que eles devem ficar juntos e tenta beij\u00e1-la. Giovane flagra o irm\u00e3o e se descontrola. O rapaz puxa\u00a0Gabriel\u00a0pelo ombro e lhe acerta um soco. Giovane n\u00e3o acredita que Joana foi ao encontro e ela explica que foi v\u00edtima de uma arma\u00e7\u00e3o de Gabriel. Em seguida,\u00a0para surpresa de Giovane, Joana\u00a0o beija. Assim, o clima entre Giovane e Gabriel esquenta ainda mais. Gabriel pro\u00edbe o ca\u00e7ula de levar Joana ao anivers\u00e1rio da m\u00e3e deles, mas ele n\u00e3o aceita a ordem. Giovane aparece com Joana no dia da festa e compra uma nova briga com o irm\u00e3o. Irene fica incomodada com a presen\u00e7a de Joana.<\/p>\n<p>No cap\u00edtulo 075(*), novela \u201cMalha\u00e7\u00e3o\u201d, sexta-feira, 02 de dezembro \u2013 Jab\u00e1 tenta levar o pai para casa. Nanda se preocupa com a demora de R\u00f4mulo. Ricardo afirma que incluir\u00e1 Joana no testamento. R\u00f4mulo vence mais uma luta. Jab\u00e1 se irrita quando Marlene defende Reinaldo.<\/p>\n<p>R\u00f4mulo volta para casa e Nanda desconfia do estado dele. Nanda conversa com Jorj\u00e3o sobre R\u00f4mulo. Giovane tenta convencer Joana a acompanh\u00e1-lo \u00e0 festa de Irene. Belloto orienta J\u00e9ssica. B\u00e1rbara percebe Gabriel olhando para Joana. J\u00e9ssica se acidenta e Belloto a ampara.<\/p>\n<p>R\u00f4mulo mente para Nanda. Gabriel chega com Cleo \u00e0 festa de Irene. Clara v\u00ea R\u00f4mulo no gin\u00e1sio, depois da luta. Giovane chega com Joana \u00e0 festa e Irene se incomoda.<\/p>\n<p>(*) edi\u00e7\u00e3o da Rede Globo, Novela \u201cMalha\u00e7\u00e3o\u201d, sujeito a altera\u00e7\u00e3o de data e conte\u00fado.<\/p>\n","protected":false},"excerpt":{"rendered":"<p>Novela \u201cMalha\u00e7\u00e3o\u201d resumo 02\/12:\u00a0Gabriel pega o celular de Giovane, se passa por ele e marca um encontro com Joana. Gabriel tenta convencer a garota que eles devem ficar juntos e tenta beij\u00e1-la. Giovane flagra o irm\u00e3o e se descontrola. O rapaz puxa\u00a0Gabriel\u00a0pelo ombro e lhe acerta um soco. Giovane n\u00e3o acredita que Joana foi ao [&hellip;]<\/p>\n","protected":false},"author":4,"featured_media":91715,"comment_status":"open","ping_status":"closed","sticky":false,"template":"","format":"standard","meta":{"tdm_status":"","tdm_grid_status":"","footnotes":""},"categories":[447,379,375,343],"tags":[441],"class_list":{"0":"post-101058","1":"post","2":"type-post","3":"status-publish","4":"format-standard","5":"has-post-thumbnail","7":"category-malhacao","8":"category-novelas","9":"category-rede-globo","10":"category-televisao","11":"tag-resumo-do-dia"},"_links":{"self":[{"href":"https:\/\/migracao.redenoticia.com.br\/noticia\/wp-json\/wp\/v2\/posts\/101058","targetHints":{"allow":["GET"]}}],"collection":[{"href":"https:\/\/migracao.redenoticia.com.br\/noticia\/wp-json\/wp\/v2\/posts"}],"about":[{"href":"https:\/\/migracao.redenoticia.com.br\/noticia\/wp-json\/wp\/v2\/types\/post"}],"author":[{"embeddable":true,"href":"https:\/\/migracao.redenoticia.com.br\/noticia\/wp-json\/wp\/v2\/users\/4"}],"replies":[{"embeddable":true,"href":"https:\/\/migracao.redenoticia.com.br\/noticia\/wp-json\/wp\/v2\/comments?post=101058"}],"version-history":[{"count":0,"href":"https:\/\/migracao.redenoticia.com.br\/noticia\/wp-json\/wp\/v2\/posts\/101058\/revisions"}],"wp:featuredmedia":[{"embeddable":true,"href":"https:\/\/migracao.redenoticia.com.br\/noticia\/wp-json\/wp\/v2\/media\/91715"}],"wp:attachment":[{"href":"https:\/\/migracao.redenoticia.com.br\/noticia\/wp-json\/wp\/v2\/media?parent=101058"}],"wp:term":[{"taxonomy":"category","embeddable":true,"href":"https:\/\/migracao.redenoticia.com.br\/noticia\/wp-json\/wp\/v2\/categories?post=101058"},{"taxonomy":"post_tag","embeddable":true,"href":"https:\/\/migracao.redenoticia.com.br\/noticia\/wp-json\/wp\/v2\/tags?post=101058"}],"curies":[{"name":"wp","href":"https:\/\/api.w.org\/{rel}","templated":true}]}}