{"id":101115,"date":"2016-12-02T06:04:02","date_gmt":"2016-12-02T08:04:02","guid":{"rendered":"http:\/\/www.redenoticia.com.br\/noticia\/?p=101115"},"modified":"2016-12-02T04:41:07","modified_gmt":"2016-12-02T06:41:07","slug":"aedes-aegypti-o-vilao-mutante-transmissor-da-dengue","status":"publish","type":"post","link":"https:\/\/migracao.redenoticia.com.br\/noticia\/2016\/aedes-aegypti-o-vilao-mutante-transmissor-da-dengue\/101115","title":{"rendered":"Aedes aegypti: o vil\u00e3o mutante transmissor da dengue"},"content":{"rendered":"<p> Voc\u00ea sabia que, apesar da maior prolifera\u00e7\u00e3o do <em><strong>Aedes aegypti<\/strong><\/em> ser durante o ver\u00e3o, o conhecido mosquito da dengue tem capacidade de se modificar em outras esta\u00e7\u00f5es do ano? Infelizmente, \u00e9 verdade. Um estudo divulgado pelo Instituto Butantan mostrou que o Aedes possui um vasto patrim\u00f4nio gen\u00e9tico vari\u00e1vel inclusive no inverno, per\u00edodo de menor incid\u00eancia do mosquito.<\/p>\n<p>Esse resultado deixa claro aos pesquisadores que as modifica\u00e7\u00f5es do mosquito s\u00e3o maiores do que \u00e9 normalmente esperado para uma esp\u00e9cie ex\u00f3tica em t\u00e3o curto prazo. Nesse processo de muta\u00e7\u00e3o, o mosquito tem altera\u00e7\u00e3o de tamanho e formato da asa, de acordo com cada esta\u00e7\u00e3o de ano.<\/p>\n<p>Amostra<br \/>\nForam coletados os ovos, pupas e larvas do animal em seis \u00e1reas. O estudo foi desenvolvido com 150 f\u00eameas e avaliou as varia\u00e7\u00f5es gen\u00e9tica e morfol\u00f3gica do mosquito, al\u00e9m de ter levado em considera\u00e7\u00e3o quest\u00f5es demogr\u00e1ficas de dispers\u00e3o e evolutivas desses insetos em \u00e1reas urbanas.<\/p>\n<p>A pesquisa foi realizada no bairro do Butant\u00e3, em S\u00e3o Paulo, e arredores durante 14 meses. A proposta \u00e9 entender a evolu\u00e7\u00e3o da esp\u00e9cie para, possivelmente, auxiliar nas a\u00e7\u00f5es de controle.<\/p>\n<p>Fique por dentro: <\/p>\n<p>&#8211; \u00a0o sangue humano \u00e9 a principal fonte de alimenta\u00e7\u00e3o;<\/p>\n<p>&#8211; o Aedes aegypti tem h\u00e1bitos diurnos, diferentemente do pernilongo comum;<\/p>\n<p>&#8211; a esp\u00e9cie tem em torno de 0,5 cent\u00edmetros de tamanho;<\/p>\n<p>&#8211; o corpo \u00e9 cinza com pintas brancas;<\/p>\n<p>&#8211; o ciclo de vida desde o ovo, larva e pupa \u00e9 aqu\u00e1tica. <\/p>\n<p>Dicas para combater o Aedes em casa: <\/p>\n<p>&#8211; Encha os pratos dos vasos de plantas com areia at\u00e9 a borda; <\/p>\n<p>&#8211; Troque a \u00e1gua e lave o vaso das plantas aqu\u00e1ticas com escova, \u00e1gua e sab\u00e3o pelo menos uma vez por semana; <\/p>\n<p>&#8211; Coloque o lixo em sacos pl\u00e1sticos e mantenha a lixeira sempre fechada; <\/p>\n<p>&#8211; Caixas d&#8217;\u00e1gua tamb\u00e9m devem permanecer fechadas e todos os objetos que acumulam \u00e1gua, como embalagens usadas, devem ser jogados no lixo; <\/p>\n<p>&#8211; Folhas e tudo o que possa impedir a \u00e1gua de correr pelas calhas tamb\u00e9m precisam ser removidos; <\/p>\n<p>&#8211; Garrafas e recipientes que acumulam \u00e1gua devem ser sempre virados para baixo.<\/p>\n<p>Do Portal do Governo do Estado SP<\/p>\n","protected":false},"excerpt":{"rendered":"<p>Voc\u00ea sabia que, apesar da maior prolifera\u00e7\u00e3o do Aedes aegypti ser durante o ver\u00e3o, o conhecido mosquito da dengue tem capacidade de se modificar em outras esta\u00e7\u00f5es do ano? Infelizmente, \u00e9 verdade. Um estudo divulgado pelo Instituto Butantan mostrou que o Aedes possui um vasto patrim\u00f4nio gen\u00e9tico vari\u00e1vel inclusive no inverno, per\u00edodo de menor incid\u00eancia [&hellip;]<\/p>\n","protected":false},"author":2,"featured_media":40847,"comment_status":"open","ping_status":"closed","sticky":false,"template":"","format":"standard","meta":{"tdm_status":"","tdm_grid_status":"","footnotes":""},"categories":[22,5],"tags":[],"class_list":{"0":"post-101115","1":"post","2":"type-post","3":"status-publish","4":"format-standard","5":"has-post-thumbnail","7":"category-brasil","8":"category-saude-e-vida"},"_links":{"self":[{"href":"https:\/\/migracao.redenoticia.com.br\/noticia\/wp-json\/wp\/v2\/posts\/101115","targetHints":{"allow":["GET"]}}],"collection":[{"href":"https:\/\/migracao.redenoticia.com.br\/noticia\/wp-json\/wp\/v2\/posts"}],"about":[{"href":"https:\/\/migracao.redenoticia.com.br\/noticia\/wp-json\/wp\/v2\/types\/post"}],"author":[{"embeddable":true,"href":"https:\/\/migracao.redenoticia.com.br\/noticia\/wp-json\/wp\/v2\/users\/2"}],"replies":[{"embeddable":true,"href":"https:\/\/migracao.redenoticia.com.br\/noticia\/wp-json\/wp\/v2\/comments?post=101115"}],"version-history":[{"count":0,"href":"https:\/\/migracao.redenoticia.com.br\/noticia\/wp-json\/wp\/v2\/posts\/101115\/revisions"}],"wp:featuredmedia":[{"embeddable":true,"href":"https:\/\/migracao.redenoticia.com.br\/noticia\/wp-json\/wp\/v2\/media\/40847"}],"wp:attachment":[{"href":"https:\/\/migracao.redenoticia.com.br\/noticia\/wp-json\/wp\/v2\/media?parent=101115"}],"wp:term":[{"taxonomy":"category","embeddable":true,"href":"https:\/\/migracao.redenoticia.com.br\/noticia\/wp-json\/wp\/v2\/categories?post=101115"},{"taxonomy":"post_tag","embeddable":true,"href":"https:\/\/migracao.redenoticia.com.br\/noticia\/wp-json\/wp\/v2\/tags?post=101115"}],"curies":[{"name":"wp","href":"https:\/\/api.w.org\/{rel}","templated":true}]}}