{"id":101131,"date":"2016-12-02T20:55:49","date_gmt":"2016-12-02T22:55:49","guid":{"rendered":"http:\/\/www.redenoticia.com.br\/noticia\/?p=101131"},"modified":"2016-12-02T19:50:29","modified_gmt":"2016-12-02T21:50:29","slug":"novela-a-lei-do-amor-resumo-0312-helo-coloca-tiao-na-justica","status":"publish","type":"post","link":"https:\/\/migracao.redenoticia.com.br\/noticia\/2016\/novela-a-lei-do-amor-resumo-0312-helo-coloca-tiao-na-justica\/101131","title":{"rendered":"Novela \u201cA Lei do Amor\u201d resumo 03\/12: Ti\u00e3o diz que vai acabar com a vida de Hel\u00f4"},"content":{"rendered":"<p><img loading=\"lazy\" decoding=\"async\" class=\"alignleft size-thumbnail wp-image-94887\" src=\"https:\/\/migracao.redenoticia.com.br\/noticia\/imagens\/a_lei_do_amor_resumo_novela_globo-150x112.jpg\" alt=\"a_lei_do_amor_resumo_novela_globo\" width=\"150\" height=\"112\" srcset=\"https:\/\/migracao.redenoticia.com.br\/noticia\/imagens\/a_lei_do_amor_resumo_novela_globo-150x112.jpg 150w, https:\/\/migracao.redenoticia.com.br\/noticia\/imagens\/a_lei_do_amor_resumo_novela_globo-265x198.jpg 265w\" sizes=\"auto, (max-width: 150px) 100vw, 150px\" \/><strong><em>Novela \u201cA Lei do Amor\u201d resumo 03\/12<\/em><\/strong>:\u00a0Hel\u00f4 se cansa de discutir com o ex-marido apenas verbalmente e come\u00e7a uma batalha judicial contra ele. Ela vai at\u00e9 ao escrit\u00f3rio de Ti\u00e3o e comunica que contratou um advogado para ajud\u00e1-la a ganhar tudo o que tem direito pelos anos de casamento com o vil\u00e3o, principalmente ap\u00f3s a destrui\u00e7\u00e3o de sua galeria. Enfurecido, ele se volta contra ela e a chama de vagabunda. Irado, Ti\u00e3o conversa com Magn\u00f3lia e diz que vai acabar com a vida de Hel\u00f4. Pedro ouve e avan\u00e7a contra Ti\u00e3o. <\/p>\n<p>No cap\u00edtulo 054(*), novela \u201cA Lei do Amor\u201d, s\u00e1bado, 03 de dezembro \u2013 Let\u00edcia garante a Pedro que n\u00e3o se aproximar\u00e1 dele porque brigou com Ti\u00e3o. Bruno incentiva J\u00e9ssica a dar queixa do cliente que a agrediu. Let\u00edcia confessa a Hel\u00f4 que se sente perdida.<\/p>\n<p>Mileide avisa a Augusto que Vit\u00f3ria atrapalhar\u00e1 sua candidatura. Ti\u00e3o agride J\u00e9ssica. Venturini afirma para o delegado que Magn\u00f3lia foi a mandante do atentado contra Fausto e Suzana. Hel\u00f4 comunica a Ti\u00e3o que entrou com o pedido de div\u00f3rcio. Robinson questiona a honestidade de Gustavo para Salete.<\/p>\n<p>Yara afirma a Ciro que n\u00e3o quer mais v\u00ea-lo. Fininho amea\u00e7a a vida de J\u00e9ssica. Salete confessa a Hel\u00f4 que foi Ti\u00e3o quem mandou matar Zelito. Pedro avan\u00e7a contra Ti\u00e3o, ao ouvi-lo dizer a Magn\u00f3lia que acabar\u00e1 com a vida de Hel\u00f4.<\/p>\n<p>(*) edi\u00e7\u00e3o da Rede Globo, Novela \u201cA Lei do Amor\u201d, sujeito a altera\u00e7\u00e3o de data e conte\u00fado.<\/p>\n","protected":false},"excerpt":{"rendered":"<p>Novela \u201cA Lei do Amor\u201d resumo 03\/12:\u00a0Hel\u00f4 se cansa de discutir com o ex-marido apenas verbalmente e come\u00e7a uma batalha judicial contra ele. Ela vai at\u00e9 ao escrit\u00f3rio de Ti\u00e3o e comunica que contratou um advogado para ajud\u00e1-la a ganhar tudo o que tem direito pelos anos de casamento com o vil\u00e3o, principalmente ap\u00f3s a [&hellip;]<\/p>\n","protected":false},"author":4,"featured_media":94887,"comment_status":"open","ping_status":"closed","sticky":false,"template":"","format":"standard","meta":{"tdm_status":"","tdm_grid_status":"","footnotes":""},"categories":[379,375,343],"tags":[441],"class_list":{"0":"post-101131","1":"post","2":"type-post","3":"status-publish","4":"format-standard","5":"has-post-thumbnail","7":"category-novelas","8":"category-rede-globo","9":"category-televisao","10":"tag-resumo-do-dia"},"_links":{"self":[{"href":"https:\/\/migracao.redenoticia.com.br\/noticia\/wp-json\/wp\/v2\/posts\/101131","targetHints":{"allow":["GET"]}}],"collection":[{"href":"https:\/\/migracao.redenoticia.com.br\/noticia\/wp-json\/wp\/v2\/posts"}],"about":[{"href":"https:\/\/migracao.redenoticia.com.br\/noticia\/wp-json\/wp\/v2\/types\/post"}],"author":[{"embeddable":true,"href":"https:\/\/migracao.redenoticia.com.br\/noticia\/wp-json\/wp\/v2\/users\/4"}],"replies":[{"embeddable":true,"href":"https:\/\/migracao.redenoticia.com.br\/noticia\/wp-json\/wp\/v2\/comments?post=101131"}],"version-history":[{"count":0,"href":"https:\/\/migracao.redenoticia.com.br\/noticia\/wp-json\/wp\/v2\/posts\/101131\/revisions"}],"wp:featuredmedia":[{"embeddable":true,"href":"https:\/\/migracao.redenoticia.com.br\/noticia\/wp-json\/wp\/v2\/media\/94887"}],"wp:attachment":[{"href":"https:\/\/migracao.redenoticia.com.br\/noticia\/wp-json\/wp\/v2\/media?parent=101131"}],"wp:term":[{"taxonomy":"category","embeddable":true,"href":"https:\/\/migracao.redenoticia.com.br\/noticia\/wp-json\/wp\/v2\/categories?post=101131"},{"taxonomy":"post_tag","embeddable":true,"href":"https:\/\/migracao.redenoticia.com.br\/noticia\/wp-json\/wp\/v2\/tags?post=101131"}],"curies":[{"name":"wp","href":"https:\/\/api.w.org\/{rel}","templated":true}]}}