{"id":101136,"date":"2016-12-02T18:25:27","date_gmt":"2016-12-02T20:25:27","guid":{"rendered":"http:\/\/www.redenoticia.com.br\/noticia\/?p=101136"},"modified":"2016-12-02T18:08:27","modified_gmt":"2016-12-02T20:08:27","slug":"novela-sol-nascente-resumo-0312-chica-afirma-que-a-explosao-foi-criminosa","status":"publish","type":"post","link":"https:\/\/migracao.redenoticia.com.br\/noticia\/2016\/novela-sol-nascente-resumo-0312-chica-afirma-que-a-explosao-foi-criminosa\/101136","title":{"rendered":"Novela \u201cSol Nascente\u201d resumo 03\/12: Mario esconde Wagner na comunidade do Trevo"},"content":{"rendered":"<p><img loading=\"lazy\" decoding=\"async\" class=\"alignleft size-thumbnail wp-image-91714\" src=\"https:\/\/migracao.redenoticia.com.br\/noticia\/imagens\/sol_nascente_resumo_novela_globo-150x112.jpg\" alt=\"sol_nascente_resumo_novela_globo\" width=\"150\" height=\"112\" srcset=\"https:\/\/migracao.redenoticia.com.br\/noticia\/imagens\/sol_nascente_resumo_novela_globo-150x112.jpg 150w, https:\/\/migracao.redenoticia.com.br\/noticia\/imagens\/sol_nascente_resumo_novela_globo-265x198.jpg 265w\" sizes=\"auto, (max-width: 150px) 100vw, 150px\" \/><strong><em>Novela \u201cSol Nascente\u201d resumo 03\/12<\/em><\/strong>:\u00a0Alice se aproxima cada vez mais da verdade sobre a explos\u00e3o das traineiras da\u00a0Arraial Pescados. Depois de pedir a ajuda de Patrick e\u00a0consultar Tanaka sobre a investiga\u00e7\u00e3o, Alice \u00e9 surpreendida por\u00a0Chica em sua sala. Com uma cara nada boa, a cai\u00e7ara afirma que a explos\u00e3o das traineiras foi criminosa. Alice se impressiona com a afirma\u00e7\u00e3o de Chica e comenta com Mario. O casal suspeita de que Wagner est\u00e1 a ser amea\u00e7ado e Mario resolve levar o rapaz para se esconder na comunidade do Trevo. J\u00falia tenta falar com o esposo, mas n\u00e3o consegue.<\/p>\n<p>No cap\u00edtulo 083(*), novela \u201cSol Nascente\u201d, s\u00e1bado, 03 de dezembro \u2013 Alice se impressiona com a afirma\u00e7\u00e3o de Chica e comenta com Mario. Ralf fala sobre seus sentimentos por Milena para Vittorio. Os policiais encontram pertences de Ralf pr\u00f3ximo ao corpo de Massao.<\/p>\n<p>Mario e Alice suspeitam de que Wagner esteja sendo amea\u00e7ado. Vittorio aceita o namoro de Ralf e Milena. Mario leva Wagner para se esconder na comunidade do Trevo. Cesar lamenta que Jo\u00e3o Amaro n\u00e3o tenha envolvido Mario na morte de Massao. Vittorio convence Mario a aceitar o namoro de Milena e Ralf.<\/p>\n<p>Kika fala para Mesquita que os objetos encontrados perto de Massao s\u00e3o de Ralf. Todos se emocionam durante a cerim\u00f4nia de Geppina e Gaetano. Mano conta para Mesquita sobre a briga que Ralf teve com Massao. Milena e Ralf se beijam. Carolina tenta provocar Alice. J\u00falia n\u00e3o consegue falar com Wagner. Ralf \u00e9 preso.<\/p>\n<p>(*) edi\u00e7\u00e3o da Rede Globo, Novela \u201cSol Nascente\u201d, sujeito a altera\u00e7\u00e3o de data e conte\u00fado.<\/p>\n","protected":false},"excerpt":{"rendered":"<p>Novela \u201cSol Nascente\u201d resumo 03\/12:\u00a0Alice se aproxima cada vez mais da verdade sobre a explos\u00e3o das traineiras da\u00a0Arraial Pescados. Depois de pedir a ajuda de Patrick e\u00a0consultar Tanaka sobre a investiga\u00e7\u00e3o, Alice \u00e9 surpreendida por\u00a0Chica em sua sala. Com uma cara nada boa, a cai\u00e7ara afirma que a explos\u00e3o das traineiras foi criminosa. Alice se [&hellip;]<\/p>\n","protected":false},"author":4,"featured_media":91714,"comment_status":"open","ping_status":"closed","sticky":false,"template":"","format":"standard","meta":{"tdm_status":"","tdm_grid_status":"","footnotes":""},"categories":[379,375,343],"tags":[441],"class_list":{"0":"post-101136","1":"post","2":"type-post","3":"status-publish","4":"format-standard","5":"has-post-thumbnail","7":"category-novelas","8":"category-rede-globo","9":"category-televisao","10":"tag-resumo-do-dia"},"_links":{"self":[{"href":"https:\/\/migracao.redenoticia.com.br\/noticia\/wp-json\/wp\/v2\/posts\/101136","targetHints":{"allow":["GET"]}}],"collection":[{"href":"https:\/\/migracao.redenoticia.com.br\/noticia\/wp-json\/wp\/v2\/posts"}],"about":[{"href":"https:\/\/migracao.redenoticia.com.br\/noticia\/wp-json\/wp\/v2\/types\/post"}],"author":[{"embeddable":true,"href":"https:\/\/migracao.redenoticia.com.br\/noticia\/wp-json\/wp\/v2\/users\/4"}],"replies":[{"embeddable":true,"href":"https:\/\/migracao.redenoticia.com.br\/noticia\/wp-json\/wp\/v2\/comments?post=101136"}],"version-history":[{"count":0,"href":"https:\/\/migracao.redenoticia.com.br\/noticia\/wp-json\/wp\/v2\/posts\/101136\/revisions"}],"wp:featuredmedia":[{"embeddable":true,"href":"https:\/\/migracao.redenoticia.com.br\/noticia\/wp-json\/wp\/v2\/media\/91714"}],"wp:attachment":[{"href":"https:\/\/migracao.redenoticia.com.br\/noticia\/wp-json\/wp\/v2\/media?parent=101136"}],"wp:term":[{"taxonomy":"category","embeddable":true,"href":"https:\/\/migracao.redenoticia.com.br\/noticia\/wp-json\/wp\/v2\/categories?post=101136"},{"taxonomy":"post_tag","embeddable":true,"href":"https:\/\/migracao.redenoticia.com.br\/noticia\/wp-json\/wp\/v2\/tags?post=101136"}],"curies":[{"name":"wp","href":"https:\/\/api.w.org\/{rel}","templated":true}]}}