{"id":101142,"date":"2016-12-03T18:25:42","date_gmt":"2016-12-03T20:25:42","guid":{"rendered":"http:\/\/www.redenoticia.com.br\/noticia\/?p=101142"},"modified":"2016-12-02T18:11:08","modified_gmt":"2016-12-02T20:11:08","slug":"novela-sol-nascente-resumo-0512-ralf-e-preso","status":"publish","type":"post","link":"https:\/\/migracao.redenoticia.com.br\/noticia\/2016\/novela-sol-nascente-resumo-0512-ralf-e-preso\/101142","title":{"rendered":"Novela \u201cSol Nascente\u201d resumo 05\/12: todos ficam abalados com a pris\u00e3o de Ralf"},"content":{"rendered":"<p><img loading=\"lazy\" decoding=\"async\" class=\"alignleft size-thumbnail wp-image-91714\" src=\"https:\/\/migracao.redenoticia.com.br\/noticia\/imagens\/sol_nascente_resumo_novela_globo-150x112.jpg\" alt=\"sol_nascente_resumo_novela_globo\" width=\"150\" height=\"112\" srcset=\"https:\/\/migracao.redenoticia.com.br\/noticia\/imagens\/sol_nascente_resumo_novela_globo-150x112.jpg 150w, https:\/\/migracao.redenoticia.com.br\/noticia\/imagens\/sol_nascente_resumo_novela_globo-265x198.jpg 265w\" sizes=\"auto, (max-width: 150px) 100vw, 150px\" \/><strong><em>Novela \u201cSol Nascente\u201d resumo 05\/12<\/em><\/strong>:\u00a0Milena e Ralf est\u00e3o apaixonados um pelo outro e, no dia da renova\u00e7\u00e3o de votos de casamento de Geppina e Gaetano, Ralf leva Milena \u00e0 frente da fonte e se declara. Eles assumem o romance para todos, mas Ralf termina a noite preso sob a acusa\u00e7\u00e3o de ter matado Massao. Todos ficam abalados com a pris\u00e3o de Ralf. Ele afirma que foi acusado injustamente. Depois, Ralf pede para seu advogado tentar proteger Milena. Chica tem uma vis\u00e3o e avisa a Mario e Alice. Mario contrata Damasceno para investigar o caso de Ralf.<\/p>\n<p>No cap\u00edtulo 084(*), novela \u201cSol Nascente\u201d, segunda-feira, 05 de dezembro \u2013 todos ficam abalados com a pris\u00e3o de Ralf. Hir\u00f4 pede para ir embora e Mieko repara na tens\u00e3o da filha. Ralf afirma que foi acusado injustamente. Hir\u00f4 beija Akira e reage sem entusiasmo.<\/p>\n<p>Dom Manfredo se despede de Geppina e Gaetano. Milena e Lenita fazem as pazes. Ralf pede para seu advogado tentar proteger Milena. Chica tem uma vis\u00e3o e avisa a Mario e Alice.<\/p>\n<p>Mario contrata Damasceno para investigar o caso de Ralf. Cesar pensa em Alice. Lenita comenta com Vittorio que teme perder a proximidade com Milena. Loretta chega \u00e0 casa de Geppina e Gaetano.<\/p>\n<p>(*) edi\u00e7\u00e3o da Rede Globo, Novela \u201cSol Nascente\u201d, sujeito a altera\u00e7\u00e3o de data e conte\u00fado.<\/p>\n","protected":false},"excerpt":{"rendered":"<p>Novela \u201cSol Nascente\u201d resumo 05\/12:\u00a0Milena e Ralf est\u00e3o apaixonados um pelo outro e, no dia da renova\u00e7\u00e3o de votos de casamento de Geppina e Gaetano, Ralf leva Milena \u00e0 frente da fonte e se declara. Eles assumem o romance para todos, mas Ralf termina a noite preso sob a acusa\u00e7\u00e3o de ter matado Massao. Todos [&hellip;]<\/p>\n","protected":false},"author":4,"featured_media":91714,"comment_status":"open","ping_status":"closed","sticky":false,"template":"","format":"standard","meta":{"tdm_status":"","tdm_grid_status":"","footnotes":""},"categories":[379,375,343],"tags":[441],"class_list":{"0":"post-101142","1":"post","2":"type-post","3":"status-publish","4":"format-standard","5":"has-post-thumbnail","7":"category-novelas","8":"category-rede-globo","9":"category-televisao","10":"tag-resumo-do-dia"},"_links":{"self":[{"href":"https:\/\/migracao.redenoticia.com.br\/noticia\/wp-json\/wp\/v2\/posts\/101142","targetHints":{"allow":["GET"]}}],"collection":[{"href":"https:\/\/migracao.redenoticia.com.br\/noticia\/wp-json\/wp\/v2\/posts"}],"about":[{"href":"https:\/\/migracao.redenoticia.com.br\/noticia\/wp-json\/wp\/v2\/types\/post"}],"author":[{"embeddable":true,"href":"https:\/\/migracao.redenoticia.com.br\/noticia\/wp-json\/wp\/v2\/users\/4"}],"replies":[{"embeddable":true,"href":"https:\/\/migracao.redenoticia.com.br\/noticia\/wp-json\/wp\/v2\/comments?post=101142"}],"version-history":[{"count":0,"href":"https:\/\/migracao.redenoticia.com.br\/noticia\/wp-json\/wp\/v2\/posts\/101142\/revisions"}],"wp:featuredmedia":[{"embeddable":true,"href":"https:\/\/migracao.redenoticia.com.br\/noticia\/wp-json\/wp\/v2\/media\/91714"}],"wp:attachment":[{"href":"https:\/\/migracao.redenoticia.com.br\/noticia\/wp-json\/wp\/v2\/media?parent=101142"}],"wp:term":[{"taxonomy":"category","embeddable":true,"href":"https:\/\/migracao.redenoticia.com.br\/noticia\/wp-json\/wp\/v2\/categories?post=101142"},{"taxonomy":"post_tag","embeddable":true,"href":"https:\/\/migracao.redenoticia.com.br\/noticia\/wp-json\/wp\/v2\/tags?post=101142"}],"curies":[{"name":"wp","href":"https:\/\/api.w.org\/{rel}","templated":true}]}}