{"id":101160,"date":"2016-12-02T16:25:58","date_gmt":"2016-12-02T18:25:58","guid":{"rendered":"http:\/\/www.redenoticia.com.br\/noticia\/?p=101160"},"modified":"2016-12-02T17:57:59","modified_gmt":"2016-12-02T19:57:59","slug":"novela-querida-inimiga-resumo-0512-zulema-conta-para-lorena-que-teve-uma-filha","status":"publish","type":"post","link":"https:\/\/migracao.redenoticia.com.br\/noticia\/2016\/novela-querida-inimiga-resumo-0512-zulema-conta-para-lorena-que-teve-uma-filha\/101160","title":{"rendered":"Novela \u201cQuerida Inimiga\u201d resumo 05\/12: Zulema conta para Lorena que teve uma filha"},"content":{"rendered":"<p><img loading=\"lazy\" decoding=\"async\" class=\"alignleft size-thumbnail wp-image-99744\" src=\"https:\/\/migracao.redenoticia.com.br\/noticia\/imagens\/querida_inimiga_resumo_novela_SBT-150x112.jpg\" alt=\"querida_inimiga_resumo_novela_sbt\" width=\"150\" height=\"112\" srcset=\"https:\/\/migracao.redenoticia.com.br\/noticia\/imagens\/querida_inimiga_resumo_novela_SBT-150x112.jpg 150w, https:\/\/migracao.redenoticia.com.br\/noticia\/imagens\/querida_inimiga_resumo_novela_SBT-265x198.jpg 265w\" sizes=\"auto, (max-width: 150px) 100vw, 150px\" \/><strong><em>Novela \u201cQuerida Inimiga\u201d resumo 05\/12<\/em><\/strong>:\u00a0Zulema conversa com Lorena e conta que Diana e Juliano n\u00e3o s\u00e3o filhos de Omar, mas ele os ama como se fossem. Ela diz tamb\u00e9m que teve uma filha com Omar, mas que por infort\u00fanio a menina nasceu morta, ainda que ela tenha tido a impress\u00e3o de que havia ouvido sua filha chorar. <\/p>\n<p>No cap\u00edtulo 014(*), novela \u201cQuerida Inimiga\u201d, segunda-feira, 05 de dezembro \u2013 por indica\u00e7\u00e3o de Sara, Lalo procura Lorena para provocar problemas entre ela e Alonso, que se zanga com Lorena pela \u201cconfian\u00e7a\u201d que Lalo tem com ela. Hort\u00eancia insiste que foi Matilde quem roubou seu dinheiro e j\u00f3ia, e diz a Jaime que quer a senhora na pris\u00e3o. Jaqueline diz a Sara que seu namorado \u00e9 irm\u00e3o de Paula, a ex de Dario.<\/p>\n<p>Sara rouba do computador de Jaqueline v\u00e1rias ideias e as apresenta a Hort\u00eancia como se fossem suas. Valeria diz a Alonso que pela forma como estava dormindo parecia drogado. Juliano procura Bruno para lhe dar uma \u201cli\u00e7\u00e3o\u201d pelo que ele fez com sua irm\u00e3 Diana. Alonso os separa. Lalo procura seu amigo Tonho para que lhe ajude a vender a joia de Hort\u00eancia.<\/p>\n<p>Hort\u00eancia entrega um pedido a Jaqueline e pede que diga ao Chef Reis que fa\u00e7a uma degusta\u00e7\u00e3o para o dia seguinte. Jaqueline se d\u00e1 conta que o pedido de Hort\u00eancia era uma ideia dela, que Sara roubou. Diana procura Vasco para convenc\u00ea-lo a voltar para a casa de Hort\u00eancia e encontra Sara. Zulema diz a Lorena que Diana e Juliano n\u00e3o s\u00e3o filhos de Omar, mas ele os ama como se fossem, diz tamb\u00e9m que teve uma filha com Omar, mas que por infort\u00fanio a menina nasceu morta, ainda que ela tenha tido a impress\u00e3o de que havia ouvido sua filha chorar.<\/p>\n<p>(*) edi\u00e7\u00e3o do SBT, Novela \u201cQuerida Inimiga\u201d, sujeito a altera\u00e7\u00e3o de data e conte\u00fado.<\/p>\n","protected":false},"excerpt":{"rendered":"<p>Novela \u201cQuerida Inimiga\u201d resumo 05\/12:\u00a0Zulema conversa com Lorena e conta que Diana e Juliano n\u00e3o s\u00e3o filhos de Omar, mas ele os ama como se fossem. Ela diz tamb\u00e9m que teve uma filha com Omar, mas que por infort\u00fanio a menina nasceu morta, ainda que ela tenha tido a impress\u00e3o de que havia ouvido sua [&hellip;]<\/p>\n","protected":false},"author":4,"featured_media":99744,"comment_status":"open","ping_status":"closed","sticky":false,"template":"","format":"standard","meta":{"tdm_status":"","tdm_grid_status":"","footnotes":""},"categories":[379,372,343],"tags":[441],"class_list":{"0":"post-101160","1":"post","2":"type-post","3":"status-publish","4":"format-standard","5":"has-post-thumbnail","7":"category-novelas","8":"category-sbt","9":"category-televisao","10":"tag-resumo-do-dia"},"_links":{"self":[{"href":"https:\/\/migracao.redenoticia.com.br\/noticia\/wp-json\/wp\/v2\/posts\/101160","targetHints":{"allow":["GET"]}}],"collection":[{"href":"https:\/\/migracao.redenoticia.com.br\/noticia\/wp-json\/wp\/v2\/posts"}],"about":[{"href":"https:\/\/migracao.redenoticia.com.br\/noticia\/wp-json\/wp\/v2\/types\/post"}],"author":[{"embeddable":true,"href":"https:\/\/migracao.redenoticia.com.br\/noticia\/wp-json\/wp\/v2\/users\/4"}],"replies":[{"embeddable":true,"href":"https:\/\/migracao.redenoticia.com.br\/noticia\/wp-json\/wp\/v2\/comments?post=101160"}],"version-history":[{"count":0,"href":"https:\/\/migracao.redenoticia.com.br\/noticia\/wp-json\/wp\/v2\/posts\/101160\/revisions"}],"wp:featuredmedia":[{"embeddable":true,"href":"https:\/\/migracao.redenoticia.com.br\/noticia\/wp-json\/wp\/v2\/media\/99744"}],"wp:attachment":[{"href":"https:\/\/migracao.redenoticia.com.br\/noticia\/wp-json\/wp\/v2\/media?parent=101160"}],"wp:term":[{"taxonomy":"category","embeddable":true,"href":"https:\/\/migracao.redenoticia.com.br\/noticia\/wp-json\/wp\/v2\/categories?post=101160"},{"taxonomy":"post_tag","embeddable":true,"href":"https:\/\/migracao.redenoticia.com.br\/noticia\/wp-json\/wp\/v2\/tags?post=101160"}],"curies":[{"name":"wp","href":"https:\/\/api.w.org\/{rel}","templated":true}]}}