{"id":101248,"date":"2016-12-05T06:22:00","date_gmt":"2016-12-05T08:22:00","guid":{"rendered":"http:\/\/www.redenoticia.com.br\/noticia\/?p=101248"},"modified":"2016-12-04T16:23:02","modified_gmt":"2016-12-04T18:23:02","slug":"etecs-divulgam-cursos-mais-concorridos-do-vestibulinho","status":"publish","type":"post","link":"https:\/\/migracao.redenoticia.com.br\/noticia\/2016\/etecs-divulgam-cursos-mais-concorridos-do-vestibulinho\/101248","title":{"rendered":"Etecs divulgam cursos mais concorridos do Vestibulinho"},"content":{"rendered":"<p> Mais de 322 mil candidatos se inscreveram no <em><strong>processo seletivo das Etecs<\/strong><\/em> (Escolas T\u00e9cnicas Estaduais) para o primeiro semestre de 2017 para o Ensino M\u00e9dio, T\u00e9cnico, T\u00e9cnico integrado ao M\u00e9dio e Especializa\u00e7\u00e3o T\u00e9cnica, al\u00e9m de vagas remanescentes de segundo m\u00f3dulo.<\/p>\n<p>O curso de t\u00e9cnico de Enfermagem da Etec Carlos de Campos, na Capital, tem o maior \u00edndice de candidatos por vaga pelo sexto semestre consecutivo: 33,38.<\/p>\n<p>O curso t\u00e9cnico de Mecatr\u00f4nica integrado ao Ensino M\u00e9dio da Etec Martin Luther King, tamb\u00e9m na Capital, tem 914 inscritos disputando uma das 40 vagas, o que representa 22,85 candidatos por vaga.<\/p>\n<p>No Ensino M\u00e9dio, a Etec Lauro Gomes, de S\u00e3o Bernardo do Campo, est\u00e1 com a maior rela\u00e7\u00e3o candidato\/vaga: 25,25.<\/p>\n<p>A demanda por curso e unidade est\u00e1 dispon\u00edvel no .<\/p>\n<p>Do Portal do Governo do Estado SP<\/p>\n","protected":false},"excerpt":{"rendered":"<p>Mais de 322 mil candidatos se inscreveram no processo seletivo das Etecs (Escolas T\u00e9cnicas Estaduais) para o primeiro semestre de 2017 para o Ensino M\u00e9dio, T\u00e9cnico, T\u00e9cnico integrado ao M\u00e9dio e Especializa\u00e7\u00e3o T\u00e9cnica, al\u00e9m de vagas remanescentes de segundo m\u00f3dulo. O curso de t\u00e9cnico de Enfermagem da Etec Carlos de Campos, na Capital, tem o [&hellip;]<\/p>\n","protected":false},"author":2,"featured_media":36244,"comment_status":"open","ping_status":"closed","sticky":false,"template":"","format":"standard","meta":{"tdm_status":"","tdm_grid_status":"","footnotes":""},"categories":[22,370,295],"tags":[],"class_list":{"0":"post-101248","1":"post","2":"type-post","3":"status-publish","4":"format-standard","5":"has-post-thumbnail","7":"category-brasil","8":"category-inscricao","9":"category-vestibular"},"_links":{"self":[{"href":"https:\/\/migracao.redenoticia.com.br\/noticia\/wp-json\/wp\/v2\/posts\/101248","targetHints":{"allow":["GET"]}}],"collection":[{"href":"https:\/\/migracao.redenoticia.com.br\/noticia\/wp-json\/wp\/v2\/posts"}],"about":[{"href":"https:\/\/migracao.redenoticia.com.br\/noticia\/wp-json\/wp\/v2\/types\/post"}],"author":[{"embeddable":true,"href":"https:\/\/migracao.redenoticia.com.br\/noticia\/wp-json\/wp\/v2\/users\/2"}],"replies":[{"embeddable":true,"href":"https:\/\/migracao.redenoticia.com.br\/noticia\/wp-json\/wp\/v2\/comments?post=101248"}],"version-history":[{"count":0,"href":"https:\/\/migracao.redenoticia.com.br\/noticia\/wp-json\/wp\/v2\/posts\/101248\/revisions"}],"wp:featuredmedia":[{"embeddable":true,"href":"https:\/\/migracao.redenoticia.com.br\/noticia\/wp-json\/wp\/v2\/media\/36244"}],"wp:attachment":[{"href":"https:\/\/migracao.redenoticia.com.br\/noticia\/wp-json\/wp\/v2\/media?parent=101248"}],"wp:term":[{"taxonomy":"category","embeddable":true,"href":"https:\/\/migracao.redenoticia.com.br\/noticia\/wp-json\/wp\/v2\/categories?post=101248"},{"taxonomy":"post_tag","embeddable":true,"href":"https:\/\/migracao.redenoticia.com.br\/noticia\/wp-json\/wp\/v2\/tags?post=101248"}],"curies":[{"name":"wp","href":"https:\/\/api.w.org\/{rel}","templated":true}]}}