{"id":101266,"date":"2016-12-05T19:39:18","date_gmt":"2016-12-05T21:39:18","guid":{"rendered":"http:\/\/www.redenoticia.com.br\/noticia\/?p=101266"},"modified":"2016-12-04T16:45:54","modified_gmt":"2016-12-04T18:45:54","slug":"novela-ezel-resumo-0612-ramiz-provoca-briga-no-bar","status":"publish","type":"post","link":"https:\/\/migracao.redenoticia.com.br\/noticia\/2016\/novela-ezel-resumo-0612-ramiz-provoca-briga-no-bar\/101266","title":{"rendered":"Novela \u201cEzel\u201d resumo 06\/12: Ramiz provoca briga no bar"},"content":{"rendered":"<p> <img loading=\"lazy\" decoding=\"async\" class=\"alignleft size-thumbnail wp-image-98061\" src=\"https:\/\/migracao.redenoticia.com.br\/noticia\/imagens\/ezel_novela_band_resumo-150x112.jpg\" alt=\"ezel_novela_band_resumo\" width=\"150\" height=\"112\" srcset=\"https:\/\/migracao.redenoticia.com.br\/noticia\/imagens\/ezel_novela_band_resumo-150x112.jpg 150w, https:\/\/migracao.redenoticia.com.br\/noticia\/imagens\/ezel_novela_band_resumo-265x198.jpg 265w\" sizes=\"auto, (max-width: 150px) 100vw, 150px\" \/><strong><em> Novela \u201cEzel\u201d resumo 06\/12<\/em><\/strong>: Cengiz leva Ezel a uma casa noturna e eles se envolvem numa confus\u00e3o. Cengiz, Ezel e Ali brigam com seguran\u00e7as na porta do bar. Ramiz \u00e9 o respons\u00e1vel pela briga. Eysan cuida dos ferimentos de Ezel e Cengiz. Ezel chama Ali pelo apelido de antigamente, o que o faz desconfiar. <\/p>\n<p>No capitulo 026 (*), novela \u201cEzel\u201d, ter\u00e7a-feira, 06 de dezembro &#8211; Bahar sai da casa de Eysan e pede ajuda a Ali. Cengiz empurra Yan da escada e o menino chora. Ezel visita o pai na marcenaria e se emociona. Ezel encontra Cengiz \u00e0 beira de um edif\u00edcio e testa a coragem dele. Ali decide acabar com a vida de Ezel. Mert escreve um artigo sobre o roubo do cassino e Cengiz se irrita. Mert descobre que o jovem que vive no orfanato \u00e9 filho do homem que foi assassinado no cassino.<\/p>\n<p>Serdar conversa com Yan na sa\u00edda da escola. Ali e Mert v\u00e3o ao orfanato e entrevistam o filho do homem assassinado no cassino. Eysan percebe que Yan est\u00e1 chateado e tenta anim\u00e1-lo. Cengiz leva Ezel a uma casa noturna e eles se envolvem numa confus\u00e3o. <\/p>\n<p>Cengiz, Ezel e Ali brigam com seguran\u00e7as na porta do bar. Ezel diz a Cengiz que cuida de um orfanato, pois teve uma inf\u00e2ncia pobre. Ramiz \u00e9 o respons\u00e1vel pela briga no bar. Eysan cuida dos ferimentos de Ezel e Cengiz. Ezel chama Ali pelo apelido de antigamente, o que o faz desconfiar. Cengiz assiste \u00e0 grava\u00e7\u00e3o do dia do roubo do cassino.<\/p>\n<p>(*) edi\u00e7\u00e3o da Band, Novela \u201cEzel\u201d, sujeito a altera\u00e7\u00e3o de data e conte\u00fado.<\/p>\n","protected":false},"excerpt":{"rendered":"<p>Novela \u201cEzel\u201d resumo 06\/12: Cengiz leva Ezel a uma casa noturna e eles se envolvem numa confus\u00e3o. Cengiz, Ezel e Ali brigam com seguran\u00e7as na porta do bar. Ramiz \u00e9 o respons\u00e1vel pela briga. Eysan cuida dos ferimentos de Ezel e Cengiz. Ezel chama Ali pelo apelido de antigamente, o que o faz desconfiar. No [&hellip;]<\/p>\n","protected":false},"author":2,"featured_media":98061,"comment_status":"open","ping_status":"closed","sticky":false,"template":"","format":"standard","meta":{"tdm_status":"","tdm_grid_status":"","footnotes":""},"categories":[390,379,343],"tags":[441],"class_list":{"0":"post-101266","1":"post","2":"type-post","3":"status-publish","4":"format-standard","5":"has-post-thumbnail","7":"category-band","8":"category-novelas","9":"category-televisao","10":"tag-resumo-do-dia"},"_links":{"self":[{"href":"https:\/\/migracao.redenoticia.com.br\/noticia\/wp-json\/wp\/v2\/posts\/101266","targetHints":{"allow":["GET"]}}],"collection":[{"href":"https:\/\/migracao.redenoticia.com.br\/noticia\/wp-json\/wp\/v2\/posts"}],"about":[{"href":"https:\/\/migracao.redenoticia.com.br\/noticia\/wp-json\/wp\/v2\/types\/post"}],"author":[{"embeddable":true,"href":"https:\/\/migracao.redenoticia.com.br\/noticia\/wp-json\/wp\/v2\/users\/2"}],"replies":[{"embeddable":true,"href":"https:\/\/migracao.redenoticia.com.br\/noticia\/wp-json\/wp\/v2\/comments?post=101266"}],"version-history":[{"count":0,"href":"https:\/\/migracao.redenoticia.com.br\/noticia\/wp-json\/wp\/v2\/posts\/101266\/revisions"}],"wp:featuredmedia":[{"embeddable":true,"href":"https:\/\/migracao.redenoticia.com.br\/noticia\/wp-json\/wp\/v2\/media\/98061"}],"wp:attachment":[{"href":"https:\/\/migracao.redenoticia.com.br\/noticia\/wp-json\/wp\/v2\/media?parent=101266"}],"wp:term":[{"taxonomy":"category","embeddable":true,"href":"https:\/\/migracao.redenoticia.com.br\/noticia\/wp-json\/wp\/v2\/categories?post=101266"},{"taxonomy":"post_tag","embeddable":true,"href":"https:\/\/migracao.redenoticia.com.br\/noticia\/wp-json\/wp\/v2\/tags?post=101266"}],"curies":[{"name":"wp","href":"https:\/\/api.w.org\/{rel}","templated":true}]}}