{"id":101278,"date":"2016-12-05T18:15:51","date_gmt":"2016-12-05T20:15:51","guid":{"rendered":"http:\/\/www.redenoticia.com.br\/noticia\/?p=101278"},"modified":"2016-12-05T18:03:06","modified_gmt":"2016-12-05T20:03:06","slug":"novela-sol-nascente-resumo-0612-mario-e-patrick-se-unem","status":"publish","type":"post","link":"https:\/\/migracao.redenoticia.com.br\/noticia\/2016\/novela-sol-nascente-resumo-0612-mario-e-patrick-se-unem\/101278","title":{"rendered":"Novela \u201cSol Nascente\u201d resumo 06\/12: Mario e Patrick se unem contra C\u00e9sar"},"content":{"rendered":"<p><img loading=\"lazy\" decoding=\"async\" class=\"alignleft size-thumbnail wp-image-91714\" src=\"https:\/\/migracao.redenoticia.com.br\/noticia\/imagens\/sol_nascente_resumo_novela_globo-150x112.jpg\" alt=\"sol_nascente_resumo_novela_globo\" width=\"150\" height=\"112\" srcset=\"https:\/\/migracao.redenoticia.com.br\/noticia\/imagens\/sol_nascente_resumo_novela_globo-150x112.jpg 150w, https:\/\/migracao.redenoticia.com.br\/noticia\/imagens\/sol_nascente_resumo_novela_globo-265x198.jpg 265w\" sizes=\"auto, (max-width: 150px) 100vw, 150px\" \/><strong><em>Novela \u201cSol Nascente\u201d resumo 06\/12<\/em><\/strong>:\u00a0Mario ganha um aliado para tentar provar suas suspeitas contra C\u00e9sar. Patrick desconfia das atitudes do vil\u00e3o e tem uma s\u00e9rie de lembran\u00e7as de momentos que podem lig\u00e1-lo \u00e0 explos\u00e3o dos barcos de Tanaka e a outras arma\u00e7\u00f5es. O capit\u00e3o afirma que C\u00e9sar estava muito empenhado em convencer Tanaka a conseguir um investidor para a empresa, o que indica alguma outra inten\u00e7\u00e3o por tr\u00e1s da negocia\u00e7\u00e3o. Assim, Mario e Patrick se unem para juntar provas e desmascarar o bandido.<\/p>\n<p>No cap\u00edtulo 085(*), novela \u201cSol Nascente\u201d, ter\u00e7a-feira, 06 de dezembro \u2013 Milena e Peppino comemoram a volta de Loretta. Mieko consola Yumi. Dora conversa com Vanda sobre seu casamento com Tiago. Loretta tenta se aproximar de Vittorio. Vittorio conta para Lenita que Loretta voltou para o Brasil.<\/p>\n<p>Ana comenta com Patrick que acredita que Carolina esteja interessada em Cesar. Alice diz que Wagner vai ficar afastado da empresa e Cesar fica apreensivo.<\/p>\n<p>Milena mente durante o depoimento na delegacia\u00a0e diz que passou a noite com Ralf. Dora vende vestidos para Yumi. Patrick lembra de um coment\u00e1rio feito por Cesar antes da explos\u00e3o nas traineiras e conta para Mario. Loretta conhece Lenita.<\/p>\n<p>(*) edi\u00e7\u00e3o da Rede Globo, Novela \u201cSol Nascente\u201d, sujeito a altera\u00e7\u00e3o de data e conte\u00fado.<\/p>\n","protected":false},"excerpt":{"rendered":"<p>Novela \u201cSol Nascente\u201d resumo 06\/12:\u00a0Mario ganha um aliado para tentar provar suas suspeitas contra C\u00e9sar. Patrick desconfia das atitudes do vil\u00e3o e tem uma s\u00e9rie de lembran\u00e7as de momentos que podem lig\u00e1-lo \u00e0 explos\u00e3o dos barcos de Tanaka e a outras arma\u00e7\u00f5es. O capit\u00e3o afirma que C\u00e9sar estava muito empenhado em convencer Tanaka a conseguir [&hellip;]<\/p>\n","protected":false},"author":4,"featured_media":91714,"comment_status":"open","ping_status":"closed","sticky":false,"template":"","format":"standard","meta":{"tdm_status":"","tdm_grid_status":"","footnotes":""},"categories":[379,375,343],"tags":[441],"class_list":{"0":"post-101278","1":"post","2":"type-post","3":"status-publish","4":"format-standard","5":"has-post-thumbnail","7":"category-novelas","8":"category-rede-globo","9":"category-televisao","10":"tag-resumo-do-dia"},"_links":{"self":[{"href":"https:\/\/migracao.redenoticia.com.br\/noticia\/wp-json\/wp\/v2\/posts\/101278","targetHints":{"allow":["GET"]}}],"collection":[{"href":"https:\/\/migracao.redenoticia.com.br\/noticia\/wp-json\/wp\/v2\/posts"}],"about":[{"href":"https:\/\/migracao.redenoticia.com.br\/noticia\/wp-json\/wp\/v2\/types\/post"}],"author":[{"embeddable":true,"href":"https:\/\/migracao.redenoticia.com.br\/noticia\/wp-json\/wp\/v2\/users\/4"}],"replies":[{"embeddable":true,"href":"https:\/\/migracao.redenoticia.com.br\/noticia\/wp-json\/wp\/v2\/comments?post=101278"}],"version-history":[{"count":0,"href":"https:\/\/migracao.redenoticia.com.br\/noticia\/wp-json\/wp\/v2\/posts\/101278\/revisions"}],"wp:featuredmedia":[{"embeddable":true,"href":"https:\/\/migracao.redenoticia.com.br\/noticia\/wp-json\/wp\/v2\/media\/91714"}],"wp:attachment":[{"href":"https:\/\/migracao.redenoticia.com.br\/noticia\/wp-json\/wp\/v2\/media?parent=101278"}],"wp:term":[{"taxonomy":"category","embeddable":true,"href":"https:\/\/migracao.redenoticia.com.br\/noticia\/wp-json\/wp\/v2\/categories?post=101278"},{"taxonomy":"post_tag","embeddable":true,"href":"https:\/\/migracao.redenoticia.com.br\/noticia\/wp-json\/wp\/v2\/tags?post=101278"}],"curies":[{"name":"wp","href":"https:\/\/api.w.org\/{rel}","templated":true}]}}