{"id":101280,"date":"2016-12-05T18:05:41","date_gmt":"2016-12-05T20:05:41","guid":{"rendered":"http:\/\/www.redenoticia.com.br\/noticia\/?p=101280"},"modified":"2016-12-05T18:00:54","modified_gmt":"2016-12-05T20:00:54","slug":"novela-malhacao-resumo-0612-barbara-encontra-o-novo-testamento-de-ricardo","status":"publish","type":"post","link":"https:\/\/migracao.redenoticia.com.br\/noticia\/2016\/novela-malhacao-resumo-0612-barbara-encontra-o-novo-testamento-de-ricardo\/101280","title":{"rendered":"Novela \u201cMalha\u00e7\u00e3o\u201d resumo 06\/12: B\u00e1rbara encontra o novo testamento de Ricardo"},"content":{"rendered":"<p><img loading=\"lazy\" decoding=\"async\" class=\"alignleft size-thumbnail wp-image-91715\" src=\"https:\/\/migracao.redenoticia.com.br\/noticia\/imagens\/malhacao_pro_dia_nascer_feliz_resumo_novela-150x112.jpg\" alt=\"malhacao_pro_dia_nascer_feliz_resumo_novela\" width=\"150\" height=\"112\" srcset=\"https:\/\/migracao.redenoticia.com.br\/noticia\/imagens\/malhacao_pro_dia_nascer_feliz_resumo_novela-150x112.jpg 150w, https:\/\/migracao.redenoticia.com.br\/noticia\/imagens\/malhacao_pro_dia_nascer_feliz_resumo_novela-265x198.jpg 265w\" sizes=\"auto, (max-width: 150px) 100vw, 150px\" \/><strong><em>Novela \u201cMalha\u00e7\u00e3o\u201d resumo 06\/12<\/em><\/strong>:\u00a0B\u00e1bara n\u00e3o consegue aceitar o fato de que \u00e9 irm\u00e3 de\u00a0Joana e briga quase todo dia com o pai por causa da garota. Ela est\u00e1 a procura de um relat\u00f3rio na sala de Ricardo, junto com Nanda, quando a recepcionista encontra um envelope em cima do arm\u00e1rio cheio de poeira. Nanda diz que o envelope tem o nome de Joana. B\u00e1rbara pega o envelope e dispensa a funcion\u00e1ria. Ricardo\u00a0entra na sala e flagra a filha chocada com o papel na m\u00e3o. Cheia de raiva, B\u00e1rbara questiona o pai sobre o testamento onde ele deixa parte do patrim\u00f4nio para Joana. Ricardo n\u00e3o admite o esc\u00e2ndalo da filha. Mais tarde, B\u00e1rbara revela a Juliana e Manuela sobre o novo testamento de Ricardo e pede o apoio das irm\u00e3s para pressionar o pai.<\/p>\n<p>No cap\u00edtulo 077(*), novela \u201cMalha\u00e7\u00e3o\u201d, ter\u00e7a-feira, 06 de dezembro \u2013 B\u00e1rbara se revolta contra Ricardo por deixar parte do patrim\u00f4nio para Joana. Nanda se decepciona com R\u00f4mulo. Lopes apresenta Jack a R\u00f4mulo. Nanda desabafa com J\u00e9ssica sobre a frustra\u00e7\u00e3o com R\u00f4mulo.<\/p>\n<p>B\u00e1rbara revela a Juliana e Manuela sobre o novo testamento de Ricardo. Juliana apoia Jab\u00e1, que sofre com o alcoolismo do pai. R\u00f4mulo e Belloto se surpreendem ao ver Vera e Clara no gin\u00e1sio da luta.<\/p>\n<p>Krica afirma a Cleyton que entrar\u00e1 na academia Forma. Luiza sai com Lucas e T\u00e2nia se preocupa. Corr\u00eaa descobre que Juliana e Jab\u00e1 passaram a noite no MOFO.<\/p>\n<p>(*) edi\u00e7\u00e3o da Rede Globo, Novela \u201cMalha\u00e7\u00e3o\u201d, sujeito a altera\u00e7\u00e3o de data e conte\u00fado.<\/p>\n","protected":false},"excerpt":{"rendered":"<p>Novela \u201cMalha\u00e7\u00e3o\u201d resumo 06\/12:\u00a0B\u00e1bara n\u00e3o consegue aceitar o fato de que \u00e9 irm\u00e3 de\u00a0Joana e briga quase todo dia com o pai por causa da garota. Ela est\u00e1 a procura de um relat\u00f3rio na sala de Ricardo, junto com Nanda, quando a recepcionista encontra um envelope em cima do arm\u00e1rio cheio de poeira. Nanda diz [&hellip;]<\/p>\n","protected":false},"author":4,"featured_media":91715,"comment_status":"open","ping_status":"closed","sticky":false,"template":"","format":"standard","meta":{"tdm_status":"","tdm_grid_status":"","footnotes":""},"categories":[447,379,375,343],"tags":[441],"class_list":{"0":"post-101280","1":"post","2":"type-post","3":"status-publish","4":"format-standard","5":"has-post-thumbnail","7":"category-malhacao","8":"category-novelas","9":"category-rede-globo","10":"category-televisao","11":"tag-resumo-do-dia"},"_links":{"self":[{"href":"https:\/\/migracao.redenoticia.com.br\/noticia\/wp-json\/wp\/v2\/posts\/101280","targetHints":{"allow":["GET"]}}],"collection":[{"href":"https:\/\/migracao.redenoticia.com.br\/noticia\/wp-json\/wp\/v2\/posts"}],"about":[{"href":"https:\/\/migracao.redenoticia.com.br\/noticia\/wp-json\/wp\/v2\/types\/post"}],"author":[{"embeddable":true,"href":"https:\/\/migracao.redenoticia.com.br\/noticia\/wp-json\/wp\/v2\/users\/4"}],"replies":[{"embeddable":true,"href":"https:\/\/migracao.redenoticia.com.br\/noticia\/wp-json\/wp\/v2\/comments?post=101280"}],"version-history":[{"count":0,"href":"https:\/\/migracao.redenoticia.com.br\/noticia\/wp-json\/wp\/v2\/posts\/101280\/revisions"}],"wp:featuredmedia":[{"embeddable":true,"href":"https:\/\/migracao.redenoticia.com.br\/noticia\/wp-json\/wp\/v2\/media\/91715"}],"wp:attachment":[{"href":"https:\/\/migracao.redenoticia.com.br\/noticia\/wp-json\/wp\/v2\/media?parent=101280"}],"wp:term":[{"taxonomy":"category","embeddable":true,"href":"https:\/\/migracao.redenoticia.com.br\/noticia\/wp-json\/wp\/v2\/categories?post=101280"},{"taxonomy":"post_tag","embeddable":true,"href":"https:\/\/migracao.redenoticia.com.br\/noticia\/wp-json\/wp\/v2\/tags?post=101280"}],"curies":[{"name":"wp","href":"https:\/\/api.w.org\/{rel}","templated":true}]}}